{"id":797,"date":"2011-12-20T11:52:00","date_gmt":"2011-12-20T13:52:00","guid":{"rendered":"http:\/\/blogdobetinho.com\/2011\/12\/20\/hospital-de-terra-santa-com-novas\/"},"modified":"2019-12-09T20:27:37","modified_gmt":"2019-12-09T22:27:37","slug":"hospital-de-terra-santa-com-novas","status":"publish","type":"post","link":"https:\/\/blogdobetinho.com\/?p=797","title":{"rendered":"Hospital de Terra Santa com novas instala\u00e7\u00f5es"},"content":{"rendered":"<div class=\"pvc_clear\"><\/div>\n<p class=\"pvc_stats all \" data-element-id=\"797\" style=\"\"><i class=\"pvc-stats-icon medium\" aria-hidden=\"true\"><svg aria-hidden=\"true\" focusable=\"false\" data-prefix=\"far\" data-icon=\"chart-bar\" role=\"img\" xmlns=\"http:\/\/www.w3.org\/2000\/svg\" viewBox=\"0 0 512 512\" class=\"svg-inline--fa fa-chart-bar fa-w-16 fa-2x\"><path fill=\"currentColor\" d=\"M396.8 352h22.4c6.4 0 12.8-6.4 12.8-12.8V108.8c0-6.4-6.4-12.8-12.8-12.8h-22.4c-6.4 0-12.8 6.4-12.8 12.8v230.4c0 6.4 6.4 12.8 12.8 12.8zm-192 0h22.4c6.4 0 12.8-6.4 12.8-12.8V140.8c0-6.4-6.4-12.8-12.8-12.8h-22.4c-6.4 0-12.8 6.4-12.8 12.8v198.4c0 6.4 6.4 12.8 12.8 12.8zm96 0h22.4c6.4 0 12.8-6.4 12.8-12.8V204.8c0-6.4-6.4-12.8-12.8-12.8h-22.4c-6.4 0-12.8 6.4-12.8 12.8v134.4c0 6.4 6.4 12.8 12.8 12.8zM496 400H48V80c0-8.84-7.16-16-16-16H16C7.16 64 0 71.16 0 80v336c0 17.67 14.33 32 32 32h464c8.84 0 16-7.16 16-16v-16c0-8.84-7.16-16-16-16zm-387.2-48h22.4c6.4 0 12.8-6.4 12.8-12.8v-70.4c0-6.4-6.4-12.8-12.8-12.8h-22.4c-6.4 0-12.8 6.4-12.8 12.8v70.4c0 6.4 6.4 12.8 12.8 12.8z\" class=\"\"><\/path><\/svg><\/i> Total de Visualiza\u00e7\u00f5es&nbsp;1,945&nbsp;total views, Visto hoje&nbsp;3&nbsp;views today<\/p>\n<div class=\"pvc_clear\"><\/div>\n<h2 class=\"sub-titulo-single\" title=\"Parceria entre MRN e Prefeitura de Terra Santa foi fundamental para reforma do Hospital\">\n<\/h2>\n<div class=\"wp-caption alignleft\" id=\"attachment_35457\" style=\"text-align: justify; width: 410px;\">\n<div class=\"wp-caption-text\">\n<\/div>\n<\/div>\n<div style=\"text-align: justify;\">\n<\/div>\n<div style=\"text-align: justify;\">\n<a href=\"http:\/\/www.oimpacto.com.br\/wp-content\/uploads\/2011\/12\/Hospital-de-Terra-Santa-e-ambul%C3%A2ncias.jpg\" imageanchor=\"1\" style=\"clear: left; float: left; margin-bottom: 1em; margin-right: 1em;\"><img loading=\"lazy\" decoding=\"async\" alt=\"\" border=\"0\" class=\"size-full wp-image-35457\" height=\"212\" src=\"http:\/\/www.oimpacto.com.br\/wp-content\/uploads\/2011\/12\/Hospital-de-Terra-Santa-e-ambul%C3%A2ncias.jpg\" title=\"Hospital de Terra Santa e ambul\u00e2ncias\" width=\"320\" \/><\/a>O munic\u00edpio de Terra Santa, no Oeste paraense, inaugura neste s\u00e1bado<br \/>\n(17), \u00e0s 19h, as obras de reforma e amplia\u00e7\u00e3o do Hospital Municipal Frei<br \/>\n Eliseu Eismann. O evento ter\u00e1 a participa\u00e7\u00e3o de representantes do<br \/>\ngoverno municipal e da Minera\u00e7\u00e3o Rio do Norte (MRN).<\/div>\n<div style=\"text-align: justify;\">\n<\/div>\n<div style=\"text-align: justify;\">\nAs obras foram realizadas numa parceria da Prefeitura com a MRN, que<br \/>\ndestinou R$ 500 mil para a melhoria da infraestrutura. A unidade de<br \/>\nsa\u00fade ganhou climatiza\u00e7\u00e3o, uma ala exclusiva para maternidade, aumentou a<br \/>\n capacidade da sala de observa\u00e7\u00e3o de seis para dezesseis lugares,<br \/>\naumentou o n\u00famero de leitos para interna\u00e7\u00e3o e ganhou mais um bloco<br \/>\ncir\u00fargico.<\/div>\n<div style=\"text-align: justify;\">\n<\/div>\n<div class=\"wp-caption alignright\" id=\"attachment_35458\" style=\"text-align: justify; width: 410px;\">\n<div class=\"wp-caption-text\">\n<\/div>\n<\/div>\n<div style=\"text-align: justify;\">\n<\/div>\n<div style=\"text-align: justify;\">\n<a href=\"http:\/\/www.oimpacto.com.br\/wp-content\/uploads\/2011\/12\/Hospital-recebeu-modernos-equipamentos.jpg\" imageanchor=\"1\" style=\"clear: left; float: left; margin-bottom: 1em; margin-right: 1em;\"><img loading=\"lazy\" decoding=\"async\" alt=\"\" border=\"0\" class=\"size-full wp-image-35458\" height=\"212\" src=\"http:\/\/www.oimpacto.com.br\/wp-content\/uploads\/2011\/12\/Hospital-recebeu-modernos-equipamentos.jpg\" title=\"Hospital recebeu modernos equipamentos\" width=\"320\" \/><\/a>Entre as melhorias implementadas ainda est\u00e3o: a instala\u00e7\u00e3o de uma<br \/>\nnova lavanderia, amplia\u00e7\u00e3o do almoxarifado, da cozinha e sala de<br \/>\ncurativo; reforma da estrutura f\u00edsica do laborat\u00f3rio de an\u00e1lises<br \/>\ncl\u00ednicas e das instala\u00e7\u00f5es el\u00e9tricas. A cria\u00e7\u00e3o de alas femininas e<br \/>\nmasculinas para a interna\u00e7\u00e3o de pacientes e a aquisi\u00e7\u00e3o de um novo<br \/>\ngerador de energia tamb\u00e9m est\u00e3o entre as novidades do hospital.<\/div>\n<p><strong>Fonte: <\/strong><strong>\u00c9rica Bernardo\/MRN<\/strong><\/p>\n","protected":false},"excerpt":{"rendered":"<p>Total de Visualiza\u00e7\u00f5es&nbsp;1,945&nbsp;total views, Visto hoje&nbsp;3&nbsp;views today O munic\u00edpio de Terra Santa, no Oeste paraense, inaugura neste s\u00e1bado (17), \u00e0s<\/p>\n","protected":false},"author":1,"featured_media":0,"comment_status":"open","ping_status":"open","sticky":false,"template":"","format":"standard","meta":{"footnotes":""},"categories":[44,1],"tags":[14],"_links":{"self":[{"href":"https:\/\/blogdobetinho.com\/index.php?rest_route=\/wp\/v2\/posts\/797"}],"collection":[{"href":"https:\/\/blogdobetinho.com\/index.php?rest_route=\/wp\/v2\/posts"}],"about":[{"href":"https:\/\/blogdobetinho.com\/index.php?rest_route=\/wp\/v2\/types\/post"}],"author":[{"embeddable":true,"href":"https:\/\/blogdobetinho.com\/index.php?rest_route=\/wp\/v2\/users\/1"}],"replies":[{"embeddable":true,"href":"https:\/\/blogdobetinho.com\/index.php?rest_route=%2Fwp%2Fv2%2Fcomments&post=797"}],"version-history":[{"count":1,"href":"https:\/\/blogdobetinho.com\/index.php?rest_route=\/wp\/v2\/posts\/797\/revisions"}],"predecessor-version":[{"id":3455,"href":"https:\/\/blogdobetinho.com\/index.php?rest_route=\/wp\/v2\/posts\/797\/revisions\/3455"}],"wp:attachment":[{"href":"https:\/\/blogdobetinho.com\/index.php?rest_route=%2Fwp%2Fv2%2Fmedia&parent=797"}],"wp:term":[{"taxonomy":"category","embeddable":true,"href":"https:\/\/blogdobetinho.com\/index.php?rest_route=%2Fwp%2Fv2%2Fcategories&post=797"},{"taxonomy":"post_tag","embeddable":true,"href":"https:\/\/blogdobetinho.com\/index.php?rest_route=%2Fwp%2Fv2%2Ftags&post=797"}],"curies":[{"name":"wp","href":"https:\/\/api.w.org\/{rel}","templated":true}]}}