{"id":796,"date":"2011-12-20T11:54:00","date_gmt":"2011-12-20T13:54:00","guid":{"rendered":"http:\/\/blogdobetinho.com\/2011\/12\/20\/bosque-da-vera-paz-ardeu-em-chamas\/"},"modified":"2019-12-09T20:27:37","modified_gmt":"2019-12-09T22:27:37","slug":"bosque-da-vera-paz-ardeu-em-chamas","status":"publish","type":"post","link":"https:\/\/blogdobetinho.com\/?p=796","title":{"rendered":"Bosque da Vera Paz ardeu em chamas"},"content":{"rendered":"<div class=\"pvc_clear\"><\/div>\n<p class=\"pvc_stats all \" data-element-id=\"796\" style=\"\"><i class=\"pvc-stats-icon medium\" aria-hidden=\"true\"><svg aria-hidden=\"true\" focusable=\"false\" data-prefix=\"far\" data-icon=\"chart-bar\" role=\"img\" xmlns=\"http:\/\/www.w3.org\/2000\/svg\" viewBox=\"0 0 512 512\" class=\"svg-inline--fa fa-chart-bar fa-w-16 fa-2x\"><path fill=\"currentColor\" d=\"M396.8 352h22.4c6.4 0 12.8-6.4 12.8-12.8V108.8c0-6.4-6.4-12.8-12.8-12.8h-22.4c-6.4 0-12.8 6.4-12.8 12.8v230.4c0 6.4 6.4 12.8 12.8 12.8zm-192 0h22.4c6.4 0 12.8-6.4 12.8-12.8V140.8c0-6.4-6.4-12.8-12.8-12.8h-22.4c-6.4 0-12.8 6.4-12.8 12.8v198.4c0 6.4 6.4 12.8 12.8 12.8zm96 0h22.4c6.4 0 12.8-6.4 12.8-12.8V204.8c0-6.4-6.4-12.8-12.8-12.8h-22.4c-6.4 0-12.8 6.4-12.8 12.8v134.4c0 6.4 6.4 12.8 12.8 12.8zM496 400H48V80c0-8.84-7.16-16-16-16H16C7.16 64 0 71.16 0 80v336c0 17.67 14.33 32 32 32h464c8.84 0 16-7.16 16-16v-16c0-8.84-7.16-16-16-16zm-387.2-48h22.4c6.4 0 12.8-6.4 12.8-12.8v-70.4c0-6.4-6.4-12.8-12.8-12.8h-22.4c-6.4 0-12.8 6.4-12.8 12.8v70.4c0 6.4 6.4 12.8 12.8 12.8z\" class=\"\"><\/path><\/svg><\/i> Total de Visualiza\u00e7\u00f5es&nbsp;1,921&nbsp;total views<\/p>\n<div class=\"pvc_clear\"><\/div>\n<h2 class=\"sub-titulo-single\" style=\"text-align: justify;\" title=\"Fogo come\u00e7ou por volta das 18:20 horas e os Bombeiros tiveram muita dificuldade para debelar as chamas\">\n<p>Fogo come\u00e7ou por volta das 18:20 horas e os Bombeiros tiveram muita dificuldade para debelar as chamas<\/h2>\n<div class=\"wp-caption alignright\" id=\"attachment_35554\" style=\"width: 410px;\">\n<div class=\"wp-caption-text\">\n<\/div>\n<\/div>\n<div style=\"text-align: justify;\">\n<a href=\"http:\/\/www.oimpacto.com.br\/wp-content\/uploads\/2011\/12\/Fogo-consome-Bosque-da-Vera-Paz.jpg\" imageanchor=\"1\" style=\"clear: left; float: left; margin-bottom: 1em; margin-right: 1em;\"><img loading=\"lazy\" decoding=\"async\" alt=\"\" border=\"0\" class=\"size-full wp-image-35554\" height=\"240\" src=\"http:\/\/www.oimpacto.com.br\/wp-content\/uploads\/2011\/12\/Fogo-consome-Bosque-da-Vera-Paz.jpg\" title=\"Fogo consome Bosque da Vera Paz\" width=\"320\" \/><\/a>Muito trabalho no final de tarde de<br \/>\nontem, segunda-feira para 6 militares do 4\u00ba Grupamento do Corpo de<br \/>\nBombeiros. Fogo no mato, na frente da cidade de Santar\u00e9m (PA). A<br \/>\nvegeta\u00e7\u00e3o na \u00e1rea do Bosque da Vera Paz, \u00e0s proximidades da empresa<br \/>\nCargill, ficou em chamas por mais de duas horas. Em apenas 10 minutos o<br \/>\nfogo se alastrou na \u00e1rea, causando muita movimenta\u00e7\u00e3o de populares a<br \/>\nesse incidente.<\/div>\n<div style=\"text-align: justify;\">\nO pescador Jo\u00e3o Caldeira correu<br \/>\nassustado de sua casa at\u00e9 o local e diz que nunca viu algo parecido na<br \/>\nfrente da cidade. \u201cSempre tinha pequenos focos, dessa propor\u00e7\u00e3o a\u00ed foi a<br \/>\n primeira vez. Eu pensei que estava incendiando a Cargill\u201d.<\/div>\n<div style=\"text-align: justify;\">\nO sargento Er\u00edton Sampaio Leal, dos<br \/>\nBombeiros, disse que a dificuldade maior foi a ventania na \u00e1rea. \u201cO fogo<br \/>\n est\u00e1 queimando a vegeta\u00e7\u00e3o por baixo. Estamos utilizando os jatos de<br \/>\n\u00e1gua e mais abafador para evitar a velocidade do fogo na \u00e1rea e que<br \/>\nchegue at\u00e9 a empresa\u201d, disse o militar.<\/div>\n<div style=\"text-align: justify;\">\nPara essa a\u00e7\u00e3o os Bombeiros utilizaram<br \/>\n12 mil litros de \u00e1gua. Os militares estavam equipados com botas,<br \/>\ncapacetes e capa de aproxima\u00e7\u00e3o do fogo. Sargento Er\u00edton disse que se o<br \/>\nvento colaborasse com mais meia hora tudo seria contornado. Os<br \/>\nintegrantes do Corpo de Bombeiros conseguiram controlar a situa\u00e7\u00e3o quase<br \/>\n duas horas depois. Agora, a per\u00edcia vai determinar o que causou o<br \/>\ninc\u00eandio.<\/div>\n<div style=\"text-align: justify;\">\n<b>Fonte: RG 15\/O Impacto e Alciane Ayres<\/b><\/div>\n","protected":false},"excerpt":{"rendered":"<p>Total de Visualiza\u00e7\u00f5es&nbsp;1,921&nbsp;total views Fogo come\u00e7ou por volta das 18:20 horas e os Bombeiros tiveram muita dificuldade para debelar as<\/p>\n","protected":false},"author":1,"featured_media":0,"comment_status":"open","ping_status":"open","sticky":false,"template":"","format":"standard","meta":{"footnotes":""},"categories":[44,1],"tags":[37],"_links":{"self":[{"href":"https:\/\/blogdobetinho.com\/index.php?rest_route=\/wp\/v2\/posts\/796"}],"collection":[{"href":"https:\/\/blogdobetinho.com\/index.php?rest_route=\/wp\/v2\/posts"}],"about":[{"href":"https:\/\/blogdobetinho.com\/index.php?rest_route=\/wp\/v2\/types\/post"}],"author":[{"embeddable":true,"href":"https:\/\/blogdobetinho.com\/index.php?rest_route=\/wp\/v2\/users\/1"}],"replies":[{"embeddable":true,"href":"https:\/\/blogdobetinho.com\/index.php?rest_route=%2Fwp%2Fv2%2Fcomments&post=796"}],"version-history":[{"count":1,"href":"https:\/\/blogdobetinho.com\/index.php?rest_route=\/wp\/v2\/posts\/796\/revisions"}],"predecessor-version":[{"id":3456,"href":"https:\/\/blogdobetinho.com\/index.php?rest_route=\/wp\/v2\/posts\/796\/revisions\/3456"}],"wp:attachment":[{"href":"https:\/\/blogdobetinho.com\/index.php?rest_route=%2Fwp%2Fv2%2Fmedia&parent=796"}],"wp:term":[{"taxonomy":"category","embeddable":true,"href":"https:\/\/blogdobetinho.com\/index.php?rest_route=%2Fwp%2Fv2%2Fcategories&post=796"},{"taxonomy":"post_tag","embeddable":true,"href":"https:\/\/blogdobetinho.com\/index.php?rest_route=%2Fwp%2Fv2%2Ftags&post=796"}],"curies":[{"name":"wp","href":"https:\/\/api.w.org\/{rel}","templated":true}]}}