{"id":795,"date":"2011-12-20T12:19:00","date_gmt":"2011-12-20T14:19:00","guid":{"rendered":"http:\/\/blogdobetinho.com\/2011\/12\/20\/revogada-matricula-da-filha-de-vic-e\/"},"modified":"2019-12-09T20:27:37","modified_gmt":"2019-12-09T22:27:37","slug":"revogada-matricula-da-filha-de-vic-e","status":"publish","type":"post","link":"https:\/\/blogdobetinho.com\/?p=795","title":{"rendered":"Revogada matr\u00edcula da filha de Vic e Val\u00e9ria"},"content":{"rendered":"<div class=\"pvc_clear\"><\/div>\n<p class=\"pvc_stats all \" data-element-id=\"795\" style=\"\"><i class=\"pvc-stats-icon medium\" aria-hidden=\"true\"><svg aria-hidden=\"true\" focusable=\"false\" data-prefix=\"far\" data-icon=\"chart-bar\" role=\"img\" xmlns=\"http:\/\/www.w3.org\/2000\/svg\" viewBox=\"0 0 512 512\" class=\"svg-inline--fa fa-chart-bar fa-w-16 fa-2x\"><path fill=\"currentColor\" d=\"M396.8 352h22.4c6.4 0 12.8-6.4 12.8-12.8V108.8c0-6.4-6.4-12.8-12.8-12.8h-22.4c-6.4 0-12.8 6.4-12.8 12.8v230.4c0 6.4 6.4 12.8 12.8 12.8zm-192 0h22.4c6.4 0 12.8-6.4 12.8-12.8V140.8c0-6.4-6.4-12.8-12.8-12.8h-22.4c-6.4 0-12.8 6.4-12.8 12.8v198.4c0 6.4 6.4 12.8 12.8 12.8zm96 0h22.4c6.4 0 12.8-6.4 12.8-12.8V204.8c0-6.4-6.4-12.8-12.8-12.8h-22.4c-6.4 0-12.8 6.4-12.8 12.8v134.4c0 6.4 6.4 12.8 12.8 12.8zM496 400H48V80c0-8.84-7.16-16-16-16H16C7.16 64 0 71.16 0 80v336c0 17.67 14.33 32 32 32h464c8.84 0 16-7.16 16-16v-16c0-8.84-7.16-16-16-16zm-387.2-48h22.4c6.4 0 12.8-6.4 12.8-12.8v-70.4c0-6.4-6.4-12.8-12.8-12.8h-22.4c-6.4 0-12.8 6.4-12.8 12.8v70.4c0 6.4 6.4 12.8 12.8 12.8z\" class=\"\"><\/path><\/svg><\/i> Total de Visualiza\u00e7\u00f5es&nbsp;1,900&nbsp;total views, Visto hoje&nbsp;3&nbsp;views today<\/p>\n<div class=\"pvc_clear\"><\/div>\n<div style=\"text-align: justify;\">\nDepois de uma onda de repercuss\u00e3o negativa na m\u00eddia, especialmente nas<br \/>\nredes sociais, a justi\u00e7a paraense revogou a liminar que garantia a<br \/>\nmatr\u00edcula sem vestibular no curso de Medicina da Universidade Estadual<br \/>\ndo Par\u00e1 (Uepa), da estudante Izabela Vinagre Pires Franco, que ingressou<br \/>\n com mandado de seguran\u00e7a, alegando depress\u00e3o e conseguiu o benef\u00edcio de<br \/>\n uma vaga na institui\u00e7\u00e3o p\u00fablica.<\/p>\n<p>A estudante \u00e9 filha do<br \/>\nex-deputado federal Vic Pires Franco e da ex-vice governadora Val\u00e9ria<br \/>\nVinagre Pires Franco. Ela estudava medicina na faculdade Anhembi em S\u00e3o<br \/>\nPaulo e apresentou um laudo m\u00e9dico \u00e0 Justi\u00e7a, alegando que sofre de<br \/>\ndepress\u00e3o pelo distanciamento da fam\u00edlia, como sustenta\u00e7\u00e3o ao pedido de<br \/>\nmatr\u00edcula na Uepa, negado anteriormente pela reitoria da universidade.<\/p>\n<p>Ontem,<br \/>\n o mesmo juiz que concedeu a liminar, reconsiderou o despacho anterior,<br \/>\npor solicita\u00e7\u00e3o da Procuradoria da Uepa, que recorreu \u00e0 medida. O<br \/>\ntitular da 2\u00aa Vara da Fazenda P\u00fablica em Bel\u00e9m, Marco Ant\u00f4nio Castelo<br \/>\nBranco, acatou a alega\u00e7\u00e3o da Uepa de que o laudo m\u00e9dico fora assinado<br \/>\npor m\u00e9dico cl\u00ednico geral e n\u00e3o por psiquiatra e revogou a liminar. Mas a<br \/>\n estudante ainda pode recorrer da decis\u00e3o.<\/p>\n<p>A a\u00e7\u00e3o de n\u00ba<br \/>\n004522-07.2011.814.0301 \u00e9 considerada inusitada, j\u00e1 que a legisla\u00e7\u00e3o<br \/>\nbrasileira pro\u00edbe transfer\u00eancia de estudantes de institui\u00e7\u00e3o de ensino<br \/>\nsuperior privada para p\u00fablica. A reportagem procurou a assessoria da<br \/>\nUepa no in\u00edcio da tarde, mas foi informada que a Procuradoria, que<br \/>\npoderia informar sobre a quest\u00e3o, j\u00e1 estava de recesso. A reportagem<br \/>\ntentou ouvir o ex-deputado Vic Pires Franco, mas n\u00e3o conseguiu. <\/p>\n<p><b>DECIS\u00c3O JUDICIAL<\/b><\/p>\n<p>O<br \/>\n juiz Marco Ant\u00f4nio Lobo Castelo Branco havia concedido a tutela<br \/>\nantecipada e o direito \u00e0 matr\u00edcula, justificando que a sa\u00fade de Izabela<br \/>\nrequeria cuidados especiais. Ela entrou na Justi\u00e7a depois que a Uepa<br \/>\nindeferiu o pedido de transfer\u00eancia.&nbsp; (Di\u00e1rio do Par\u00e1)<\/p><\/div>\n","protected":false},"excerpt":{"rendered":"<p>Total de Visualiza\u00e7\u00f5es&nbsp;1,900&nbsp;total views, Visto hoje&nbsp;3&nbsp;views today Depois de uma onda de repercuss\u00e3o negativa na m\u00eddia, especialmente nas redes sociais,<\/p>\n","protected":false},"author":1,"featured_media":0,"comment_status":"open","ping_status":"open","sticky":false,"template":"","format":"standard","meta":{"footnotes":""},"categories":[44,1],"tags":[19,39],"_links":{"self":[{"href":"https:\/\/blogdobetinho.com\/index.php?rest_route=\/wp\/v2\/posts\/795"}],"collection":[{"href":"https:\/\/blogdobetinho.com\/index.php?rest_route=\/wp\/v2\/posts"}],"about":[{"href":"https:\/\/blogdobetinho.com\/index.php?rest_route=\/wp\/v2\/types\/post"}],"author":[{"embeddable":true,"href":"https:\/\/blogdobetinho.com\/index.php?rest_route=\/wp\/v2\/users\/1"}],"replies":[{"embeddable":true,"href":"https:\/\/blogdobetinho.com\/index.php?rest_route=%2Fwp%2Fv2%2Fcomments&post=795"}],"version-history":[{"count":1,"href":"https:\/\/blogdobetinho.com\/index.php?rest_route=\/wp\/v2\/posts\/795\/revisions"}],"predecessor-version":[{"id":3457,"href":"https:\/\/blogdobetinho.com\/index.php?rest_route=\/wp\/v2\/posts\/795\/revisions\/3457"}],"wp:attachment":[{"href":"https:\/\/blogdobetinho.com\/index.php?rest_route=%2Fwp%2Fv2%2Fmedia&parent=795"}],"wp:term":[{"taxonomy":"category","embeddable":true,"href":"https:\/\/blogdobetinho.com\/index.php?rest_route=%2Fwp%2Fv2%2Fcategories&post=795"},{"taxonomy":"post_tag","embeddable":true,"href":"https:\/\/blogdobetinho.com\/index.php?rest_route=%2Fwp%2Fv2%2Ftags&post=795"}],"curies":[{"name":"wp","href":"https:\/\/api.w.org\/{rel}","templated":true}]}}