{"id":782,"date":"2012-01-10T12:07:00","date_gmt":"2012-01-10T14:07:00","guid":{"rendered":"http:\/\/blogdobetinho.com\/2012\/01\/10\/casamento-gay-ameaca-humanidade-afirma\/"},"modified":"2019-12-09T21:41:56","modified_gmt":"2019-12-09T23:41:56","slug":"casamento-gay-ameaca-humanidade-afirma","status":"publish","type":"post","link":"https:\/\/blogdobetinho.com\/?p=782","title":{"rendered":"Casamento gay amea\u00e7a a humanidade, afirma o papa Bento 16"},"content":{"rendered":"<div class=\"pvc_clear\"><\/div>\n<p class=\"pvc_stats all \" data-element-id=\"782\" style=\"\"><i class=\"pvc-stats-icon medium\" aria-hidden=\"true\"><svg aria-hidden=\"true\" focusable=\"false\" data-prefix=\"far\" data-icon=\"chart-bar\" role=\"img\" xmlns=\"http:\/\/www.w3.org\/2000\/svg\" viewBox=\"0 0 512 512\" class=\"svg-inline--fa fa-chart-bar fa-w-16 fa-2x\"><path fill=\"currentColor\" d=\"M396.8 352h22.4c6.4 0 12.8-6.4 12.8-12.8V108.8c0-6.4-6.4-12.8-12.8-12.8h-22.4c-6.4 0-12.8 6.4-12.8 12.8v230.4c0 6.4 6.4 12.8 12.8 12.8zm-192 0h22.4c6.4 0 12.8-6.4 12.8-12.8V140.8c0-6.4-6.4-12.8-12.8-12.8h-22.4c-6.4 0-12.8 6.4-12.8 12.8v198.4c0 6.4 6.4 12.8 12.8 12.8zm96 0h22.4c6.4 0 12.8-6.4 12.8-12.8V204.8c0-6.4-6.4-12.8-12.8-12.8h-22.4c-6.4 0-12.8 6.4-12.8 12.8v134.4c0 6.4 6.4 12.8 12.8 12.8zM496 400H48V80c0-8.84-7.16-16-16-16H16C7.16 64 0 71.16 0 80v336c0 17.67 14.33 32 32 32h464c8.84 0 16-7.16 16-16v-16c0-8.84-7.16-16-16-16zm-387.2-48h22.4c6.4 0 12.8-6.4 12.8-12.8v-70.4c0-6.4-6.4-12.8-12.8-12.8h-22.4c-6.4 0-12.8 6.4-12.8 12.8v70.4c0 6.4 6.4 12.8 12.8 12.8z\" class=\"\"><\/path><\/svg><\/i> Total de Visualiza\u00e7\u00f5es&nbsp;1,618&nbsp;total views, Visto hoje&nbsp;3&nbsp;views today<\/p>\n<div class=\"pvc_clear\"><\/div>\n<div style=\"text-align: justify;\">\n<span style=\"font-size: 85%;\">O papa<br \/>\nBento 16 disse ontem, 9, que o casamento  homossexual \u00e9 uma das v\u00e1rias<br \/>\namea\u00e7as atuais \u00e0 fam\u00edlia tradicional, pondo  em xeque &#8220;o pr\u00f3prio futuro<br \/>\nda humanidade&#8221;. <\/span><\/div>\n<div class=\"bb-md-noticia-extras\" style=\"text-align: justify;\">\n<div class=\"bb-md-noticia-foto\">\n<div style=\"text-align: center;\">\n<span style=\"font-size: 85%;\"><img decoding=\"async\" alt=\"'Essa n\u00e3o \u00e9 uma simples conven\u00e7\u00e3o social. E sim a c\u00e9lula fundamental de cada sociedade', disse papa - Pier Paolo Cito\/Reuters\" src=\"http:\/\/www.estadao.com.br\/fotos\/papa_bento_16_Pier_Paolo_Cito_Reuters_09012012_288.jpg\" title=\"'Essa n\u00e3o \u00e9 uma simples conven\u00e7\u00e3o social. E sim a c\u00e9lula fundamental de cada sociedade', disse papa - Pier Paolo Cito\/Reuters\" \/><\/span><\/div>\n<div class=\"bb-md-noticia-foto-bajada\" style=\"color: red; text-align: center;\">\n<span style=\"font-size: 85%;\">&#8216;Essa n\u00e3o \u00e9 uma simples conven\u00e7\u00e3o social. E sim a c\u00e9lula fundamental de cada sociedade&#8217;, disse papa<\/span><\/div>\n<\/div>\n<\/div>\n<div style=\"text-align: justify;\">\n  <\/div>\n<div style=\"text-align: justify;\">\n<span style=\"font-size: 85%;\">Foram<br \/>\n as declara\u00e7\u00f5es mais fortes j\u00e1 proferidas pelo pont\u00edfice contra o<br \/>\ncasamento homossexual, durante um pronunciamento de ano novo a<br \/>\ndiplomatas de quase 180 pa\u00edses acreditados no Vaticano, abordando<br \/>\nquest\u00f5es econ\u00f4micas e sociais contempor\u00e2neas. <\/span><\/div>\n<div style=\"text-align: justify;\">\n<span style=\"font-size: 85%;\">Segundo<br \/>\n Bento 16, a educa\u00e7\u00e3o das crian\u00e7as  precisa de &#8220;ambientes&#8221;  adequados, e<br \/>\n &#8220;o lugar de honra cabe \u00e0 fam\u00edlia, baseada no casamento de  um homem com<br \/>\n uma mulher&#8221;. <\/span><\/div>\n<div style=\"text-align: justify;\">\n<span style=\"font-size: 85%;\">&#8220;Essa<br \/>\n n\u00e3o \u00e9 uma simples conven\u00e7\u00e3o social&#8221;, disse o papa, &#8220;e sim a  c\u00e9lula<br \/>\nfundamental de cada sociedade. Consequentemente, pol\u00edticas que  afetam a<br \/>\n fam\u00edlia amea\u00e7am a dignidade humana e o pr\u00f3prio futuro da  humanidade&#8221;. <\/span><\/div>\n<div style=\"text-align: justify;\">\n<span style=\"font-size: 85%;\">Em<br \/>\n v\u00e1rios pa\u00edses &#8211; principalmente no mundo desenvolvido -,  autoridades<br \/>\neclesi\u00e1sticas cat\u00f3licas protestam contra iniciativas  voltadas para a<br \/>\nlegaliza\u00e7\u00e3o do casamento gay. Nos EUA, um dos principais  paladinos<br \/>\ndessa causa \u00e9 o arcebispo de Nova York, Timothy Dolan, que  ser\u00e1 sagrado<br \/>\n cardeal pelo papa em fevereiro. <\/span><\/div>\n<div style=\"text-align: justify;\">\n<span style=\"font-size: 85%;\">Numa<br \/>\n recente carta, Dolan criticou o presidente Barack Obama por sua<br \/>\ndecis\u00e3o de n\u00e3o apoiar uma proibi\u00e7\u00e3o federal ao casamento homossexual, e<br \/>\n alertou que essa pol\u00edtica pode &#8220;precipitar um conflito nacional de<br \/>\nenormes propor\u00e7\u00f5es entre a Igreja e o Estado&#8221;. <\/span><\/div>\n<div style=\"text-align: justify;\">\n<span style=\"font-size: 85%;\">A<br \/>\n Igreja Cat\u00f3lica, que tem 1,3 bilh\u00e3o de seguidores no mundo, prega  que<br \/>\nas tend\u00eancias homossexuais n\u00e3o s\u00e3o pecado, mas que os atos  homossexuais<br \/>\n s\u00e3o, e que as crian\u00e7as devem crescer em uma fam\u00edlia  tradicional, com<br \/>\num pai e uma m\u00e3e. <\/span><\/div>\n<div style=\"text-align: justify;\">\n<span style=\"font-size: 85%;\">&#8220;A<br \/>\n unidade familiar \u00e9 fundamental para o processo educacional e para o<br \/>\ndesenvolvimento dos indiv\u00edduos e Estados; da\u00ed a necessidade de<br \/>\npol\u00edticas que promovam a fam\u00edlia e auxiliem na coes\u00e3o social e no<br \/>\ndi\u00e1logo&#8221;, disse Bento 16 a diplomatas. <\/span><\/div>\n<div style=\"text-align: justify;\">\n<span style=\"font-size: 85%;\">O<br \/>\n casamento gay j\u00e1 \u00e9 legal em v\u00e1rios pa\u00edses europeus, como Espanha e<br \/>\nHolanda. Algumas religi\u00f5es que autorizam o casamento gay e a ordena\u00e7\u00e3o<br \/>\nde mulheres e homossexuais como cl\u00e9rigos t\u00eam perdido fi\u00e9is para o<br \/>\ncatolicismo, e o Vaticano j\u00e1 tomou medidas para facilitar tais<br \/>\nconvers\u00f5es. <\/span><\/div>\n<div style=\"text-align: justify;\">\n <span style=\"font-size: 85%;\">Em<br \/>\n 2009, Bento 16 decretou que os anglicanos que se converterem ao<br \/>\ncatolicismo podem manter uma hierarquia paralela, preservando parte das<br \/>\n suas tradi\u00e7\u00f5es. Grande parte dessa migra\u00e7\u00e3o do anglicanismo para o<br \/>\ncatolicismo envolve fi\u00e9is que consideram a Igreja Anglicana liberal<br \/>\ndemais.  <span style=\"font-size: 78%;\"> (Estad\u00e3o)<\/span><\/span><\/div>\n","protected":false},"excerpt":{"rendered":"<p>Total de Visualiza\u00e7\u00f5es&nbsp;1,618&nbsp;total views, Visto hoje&nbsp;3&nbsp;views today O papa Bento 16 disse ontem, 9, que o casamento homossexual \u00e9 uma<\/p>\n","protected":false},"author":1,"featured_media":0,"comment_status":"open","ping_status":"open","sticky":false,"template":"","format":"standard","meta":{"footnotes":""},"categories":[45,1],"tags":[21],"_links":{"self":[{"href":"https:\/\/blogdobetinho.com\/index.php?rest_route=\/wp\/v2\/posts\/782"}],"collection":[{"href":"https:\/\/blogdobetinho.com\/index.php?rest_route=\/wp\/v2\/posts"}],"about":[{"href":"https:\/\/blogdobetinho.com\/index.php?rest_route=\/wp\/v2\/types\/post"}],"author":[{"embeddable":true,"href":"https:\/\/blogdobetinho.com\/index.php?rest_route=\/wp\/v2\/users\/1"}],"replies":[{"embeddable":true,"href":"https:\/\/blogdobetinho.com\/index.php?rest_route=%2Fwp%2Fv2%2Fcomments&post=782"}],"version-history":[{"count":1,"href":"https:\/\/blogdobetinho.com\/index.php?rest_route=\/wp\/v2\/posts\/782\/revisions"}],"predecessor-version":[{"id":3501,"href":"https:\/\/blogdobetinho.com\/index.php?rest_route=\/wp\/v2\/posts\/782\/revisions\/3501"}],"wp:attachment":[{"href":"https:\/\/blogdobetinho.com\/index.php?rest_route=%2Fwp%2Fv2%2Fmedia&parent=782"}],"wp:term":[{"taxonomy":"category","embeddable":true,"href":"https:\/\/blogdobetinho.com\/index.php?rest_route=%2Fwp%2Fv2%2Fcategories&post=782"},{"taxonomy":"post_tag","embeddable":true,"href":"https:\/\/blogdobetinho.com\/index.php?rest_route=%2Fwp%2Fv2%2Ftags&post=782"}],"curies":[{"name":"wp","href":"https:\/\/api.w.org\/{rel}","templated":true}]}}