{"id":725,"date":"2012-02-14T12:25:00","date_gmt":"2012-02-14T14:25:00","guid":{"rendered":"http:\/\/blogdobetinho.com\/2012\/02\/14\/cristoval-2012-arquibancadas-ja-estao\/"},"modified":"2019-12-09T21:42:28","modified_gmt":"2019-12-09T23:42:28","slug":"cristoval-2012-arquibancadas-ja-estao","status":"publish","type":"post","link":"https:\/\/blogdobetinho.com\/?p=725","title":{"rendered":"Cristoval 2012: Arquibancadas j\u00e1 est\u00e3o sendo montadas"},"content":{"rendered":"<div class=\"pvc_clear\"><\/div>\n<p class=\"pvc_stats all \" data-element-id=\"725\" style=\"\"><i class=\"pvc-stats-icon medium\" aria-hidden=\"true\"><svg aria-hidden=\"true\" focusable=\"false\" data-prefix=\"far\" data-icon=\"chart-bar\" role=\"img\" xmlns=\"http:\/\/www.w3.org\/2000\/svg\" viewBox=\"0 0 512 512\" class=\"svg-inline--fa fa-chart-bar fa-w-16 fa-2x\"><path fill=\"currentColor\" d=\"M396.8 352h22.4c6.4 0 12.8-6.4 12.8-12.8V108.8c0-6.4-6.4-12.8-12.8-12.8h-22.4c-6.4 0-12.8 6.4-12.8 12.8v230.4c0 6.4 6.4 12.8 12.8 12.8zm-192 0h22.4c6.4 0 12.8-6.4 12.8-12.8V140.8c0-6.4-6.4-12.8-12.8-12.8h-22.4c-6.4 0-12.8 6.4-12.8 12.8v198.4c0 6.4 6.4 12.8 12.8 12.8zm96 0h22.4c6.4 0 12.8-6.4 12.8-12.8V204.8c0-6.4-6.4-12.8-12.8-12.8h-22.4c-6.4 0-12.8 6.4-12.8 12.8v134.4c0 6.4 6.4 12.8 12.8 12.8zM496 400H48V80c0-8.84-7.16-16-16-16H16C7.16 64 0 71.16 0 80v336c0 17.67 14.33 32 32 32h464c8.84 0 16-7.16 16-16v-16c0-8.84-7.16-16-16-16zm-387.2-48h22.4c6.4 0 12.8-6.4 12.8-12.8v-70.4c0-6.4-6.4-12.8-12.8-12.8h-22.4c-6.4 0-12.8 6.4-12.8 12.8v70.4c0 6.4 6.4 12.8 12.8 12.8z\" class=\"\"><\/path><\/svg><\/i> Total de Visualiza\u00e7\u00f5es&nbsp;1,672&nbsp;total views, Visto hoje&nbsp;3&nbsp;views today<\/p>\n<div class=\"pvc_clear\"><\/div>\n<p><\/p>\n<h2 class=\"sub-titulo-single\" style=\"background-color: white; color: #777777; font-family: 'Trebuchet MS', Verdana; font-size: 22px; margin-bottom: 5px; margin-left: 0px; margin-right: 0px; margin-top: 5px;\" title=\"A coordena\u00e7\u00e3o do Cristoval aguarda 12 mil pessoas para o retiro espiritual desse ano\">\n<p>A coordena\u00e7\u00e3o do Cristoval aguarda 12 mil pessoas para o retiro espiritual desse ano<\/h2>\n<div class=\"content-single\" style=\"background-color: white; color: #333333; font-family: 'Trebuchet MS', Verdana; font-size: 1.2em; line-height: 21px;\">\n<div class=\"wp-caption alignleft\" id=\"attachment_39057\" style=\"background-attachment: initial; background-clip: initial; background-color: #f0f0f0; background-image: initial; background-origin: initial; background-position: initial initial; background-repeat: initial initial; float: left; margin-right: 10px; padding-bottom: 5px; padding-left: 0px; padding-right: 0px; padding-top: 5px; text-align: center; width: 410px;\">\n<img loading=\"lazy\" decoding=\"async\" alt=\"\" class=\"size-full wp-image-39057\" height=\"300\" src=\"http:\/\/www.oimpacto.com.br\/wp-content\/uploads\/2012\/02\/Igreja-do-Sant%C3%ADssimo-realizar%C3%A1-pela-1%C2%AA-vez-o-Cristoval.jpg\" title=\"Igreja do Sant\u00edssimo realizar\u00e1 pela 1\u00aa vez o Cristoval\" width=\"400\" \/><\/p>\n<div class=\"wp-caption-text\" style=\"color: black; font-size: 11px;\">\nIgreja do Sant\u00edssimo realizar\u00e1 pela 1\u00aa vez o Cristoval<\/div>\n<\/div>\n<div style=\"text-align: justify;\">\nA pra\u00e7a da par\u00f3quia do Sant\u00edssimo Sacramento apresenta sinais de um grande evento, o Cristoval 2012. Essa \u00e9 a primeira vez que o evento cat\u00f3lico vai ser realizado na Pra\u00e7a do Sant\u00edssimo. \u201cNo \u00faltimo s\u00e1bado (11), iniciaram as primeiras montagens das arquibancadas. A estrutura vai ser montada em forma da letra L. Essa alternativa veio por conta dos limites dispon\u00edveis na \u00e1rea da pra\u00e7a\u201d, informou um dos coordenadores, Natalino Silva.<\/div>\n<div style=\"text-align: justify;\">\nA organiza\u00e7\u00e3o na estrutura tamb\u00e9m deve dar in\u00edcio nas montagens de palco e ilumina\u00e7\u00e3o. Ainda sobre a estrutura nas acomoda\u00e7\u00f5es, os espa\u00e7os que sobrarem das arquibancadas devem ser preenchidos por cadeiras. A coordena\u00e7\u00e3o aguarda 12 mil pessoas para o retiro espiritual desse ano. \u201cO Cristoval Mirim dever\u00e1 ser realizado no domingo (19), nas depend\u00eancias da antiga igreja do Sant\u00edssimo, atual sal\u00e3o paroquial.<\/div>\n<div class=\"wp-caption alignright\" id=\"attachment_39055\" style=\"background-attachment: initial; background-clip: initial; background-color: #f0f0f0; background-image: initial; background-origin: initial; background-position: initial initial; background-repeat: initial initial; float: right; margin-right: 10px; padding-bottom: 5px; padding-left: 0px; padding-right: 0px; padding-top: 5px; text-align: center; width: 410px;\">\n<img loading=\"lazy\" decoding=\"async\" alt=\"\" class=\"size-full wp-image-39055\" height=\"300\" src=\"http:\/\/www.oimpacto.com.br\/wp-content\/uploads\/2012\/02\/Arquibancadas-sendo-montadas-na-Pra%C3%A7a-do-Sant%C3%ADssimo.jpg\" title=\"Arquibancadas sendo montadas na Pra\u00e7a do Sant\u00edssimo\" width=\"400\" \/><\/p>\n<div class=\"wp-caption-text\" style=\"color: black; font-size: 11px;\">\nArquibancadas sendo montadas na Pra\u00e7a do Sant\u00edssimo<\/div>\n<\/div>\n<div style=\"text-align: justify;\">\nNa tarde desta segunda-feira (13), as representa\u00e7\u00f5es das institui\u00e7\u00f5es de seguran\u00e7a e a coordena\u00e7\u00e3o do Cristoval 2012 definiram as linhas de trabalho para os &nbsp;quatro dias de atividades.<\/div>\n<div style=\"text-align: justify;\">\n<strong>Fonte: RG 15\/O Impacto e Alciane Ayres<\/strong><\/div>\n<\/div>\n","protected":false},"excerpt":{"rendered":"<p>Total de Visualiza\u00e7\u00f5es&nbsp;1,672&nbsp;total views, Visto hoje&nbsp;3&nbsp;views today A coordena\u00e7\u00e3o do Cristoval aguarda 12 mil pessoas para o retiro espiritual desse<\/p>\n","protected":false},"author":1,"featured_media":0,"comment_status":"open","ping_status":"open","sticky":false,"template":"","format":"standard","meta":{"footnotes":""},"categories":[45,1],"tags":[21],"_links":{"self":[{"href":"https:\/\/blogdobetinho.com\/index.php?rest_route=\/wp\/v2\/posts\/725"}],"collection":[{"href":"https:\/\/blogdobetinho.com\/index.php?rest_route=\/wp\/v2\/posts"}],"about":[{"href":"https:\/\/blogdobetinho.com\/index.php?rest_route=\/wp\/v2\/types\/post"}],"author":[{"embeddable":true,"href":"https:\/\/blogdobetinho.com\/index.php?rest_route=\/wp\/v2\/users\/1"}],"replies":[{"embeddable":true,"href":"https:\/\/blogdobetinho.com\/index.php?rest_route=%2Fwp%2Fv2%2Fcomments&post=725"}],"version-history":[{"count":1,"href":"https:\/\/blogdobetinho.com\/index.php?rest_route=\/wp\/v2\/posts\/725\/revisions"}],"predecessor-version":[{"id":3594,"href":"https:\/\/blogdobetinho.com\/index.php?rest_route=\/wp\/v2\/posts\/725\/revisions\/3594"}],"wp:attachment":[{"href":"https:\/\/blogdobetinho.com\/index.php?rest_route=%2Fwp%2Fv2%2Fmedia&parent=725"}],"wp:term":[{"taxonomy":"category","embeddable":true,"href":"https:\/\/blogdobetinho.com\/index.php?rest_route=%2Fwp%2Fv2%2Fcategories&post=725"},{"taxonomy":"post_tag","embeddable":true,"href":"https:\/\/blogdobetinho.com\/index.php?rest_route=%2Fwp%2Fv2%2Ftags&post=725"}],"curies":[{"name":"wp","href":"https:\/\/api.w.org\/{rel}","templated":true}]}}