{"id":6545,"date":"2025-12-12T17:06:54","date_gmt":"2025-12-12T20:06:54","guid":{"rendered":"https:\/\/blogdobetinho.com\/?p=6545"},"modified":"2025-12-12T17:12:16","modified_gmt":"2025-12-12T20:12:16","slug":"municipios-devem-ficar-atentos-receita-e-cgsn-divulgam-cronograma-de-opcao-pelo-simples-nacional-em-2026","status":"publish","type":"post","link":"https:\/\/blogdobetinho.com\/?p=6545","title":{"rendered":"Munic\u00edpios devem ficar atentos: Receita e CGSN divulgam cronograma de op\u00e7\u00e3o pelo Simples Nacional em 2026"},"content":{"rendered":"<div class=\"pvc_clear\"><\/div>\n<p class=\"pvc_stats all \" data-element-id=\"6545\" style=\"\"><i class=\"pvc-stats-icon medium\" aria-hidden=\"true\"><svg aria-hidden=\"true\" focusable=\"false\" data-prefix=\"far\" data-icon=\"chart-bar\" role=\"img\" xmlns=\"http:\/\/www.w3.org\/2000\/svg\" viewBox=\"0 0 512 512\" class=\"svg-inline--fa fa-chart-bar fa-w-16 fa-2x\"><path fill=\"currentColor\" d=\"M396.8 352h22.4c6.4 0 12.8-6.4 12.8-12.8V108.8c0-6.4-6.4-12.8-12.8-12.8h-22.4c-6.4 0-12.8 6.4-12.8 12.8v230.4c0 6.4 6.4 12.8 12.8 12.8zm-192 0h22.4c6.4 0 12.8-6.4 12.8-12.8V140.8c0-6.4-6.4-12.8-12.8-12.8h-22.4c-6.4 0-12.8 6.4-12.8 12.8v198.4c0 6.4 6.4 12.8 12.8 12.8zm96 0h22.4c6.4 0 12.8-6.4 12.8-12.8V204.8c0-6.4-6.4-12.8-12.8-12.8h-22.4c-6.4 0-12.8 6.4-12.8 12.8v134.4c0 6.4 6.4 12.8 12.8 12.8zM496 400H48V80c0-8.84-7.16-16-16-16H16C7.16 64 0 71.16 0 80v336c0 17.67 14.33 32 32 32h464c8.84 0 16-7.16 16-16v-16c0-8.84-7.16-16-16-16zm-387.2-48h22.4c6.4 0 12.8-6.4 12.8-12.8v-70.4c0-6.4-6.4-12.8-12.8-12.8h-22.4c-6.4 0-12.8 6.4-12.8 12.8v70.4c0 6.4 6.4 12.8 12.8 12.8z\" class=\"\"><\/path><\/svg><\/i> Total de Visualiza\u00e7\u00f5es&nbsp;612&nbsp;total views, Visto hoje&nbsp;6&nbsp;views today<\/p>\n<div class=\"pvc_clear\"><\/div>\n<nav class=\"print:hidden menu-principal sticky top-0 z-20 bg-white shadow border-b-4 border-b-yellow-300 after:content-[' '] after:block after:w-full after:relative after:border-b-4 after:border-b-green-600 block\" data-headlessui-state=\"\">\n<div class=\"mx-auto max-w-7xl px-4\">\n<div class=\"flex h-20 justify-between\">\n<div class=\"flex px-2 lg:px-0\">\n<div class=\"flex flex-shrink-0 items-center\">Munic\u00edpios devem ficar atentos: Receita e CGSN divulgam cronograma de op\u00e7\u00e3o pelo Simples Nacional em 2026<\/div>\n<\/div>\n<\/div>\n<\/div>\n<\/nav>\n<div class=\"bg-white py-4 sm:py-6 print:py-0\">\n<div class=\"mx-auto max-w-7xl px-6 lg:px-8\">\n<div class=\"text-justify conteudo mt-6 mb-16 ck-content ck-editor__editable\">\n<p><img loading=\"lazy\" decoding=\"async\" src=\"https:\/\/cnm.org.br\/storage\/noticias\/2025\/11\/75d91e1c-0f66-4ea4-ab13-3a775a686af1.jpeg\" alt=\"\" width=\"768\" height=\"276\" \/>A Secretaria Executiva do Comit\u00ea Gestor do Simples Nacional (CGSN) divulgou o cronograma e as instru\u00e7\u00f5es sobre o fluxo de op\u00e7\u00e3o pelo Simples Nacional para 2026, conforme o Comunicado CGSN\/SE n\u00ba 11, de 28 de novembro de 2025. A CNM alerta os Munic\u00edpios sobre a import\u00e2ncia de aten\u00e7\u00e3o aos prazos e ao envio das informa\u00e7\u00f5es de pend\u00eancias, j\u00e1 que a atua\u00e7\u00e3o municipal \u00e9 determinante para garantir a adequada an\u00e1lise dos pedidos de op\u00e7\u00e3o.<\/p>\n<p>Em 2026, as empresas j\u00e1 constitu\u00eddas ter\u00e3o dois per\u00edodos para solicitar a inclus\u00e3o no regime do Simples Nacional:<br \/>\nJaneiro de 2026: os efeitos da op\u00e7\u00e3o ser\u00e3o retroativos a 01\/01\/2026.<br \/>\nSetembro de 2026: os efeitos ser\u00e3o para o ano seguinte, iniciando em 01\/01\/2027.<\/p>\n<p>Essa mudan\u00e7a segue o que determina o artigo 516 da Lei Complementar n\u00ba 214\/2025, que altera a Lei Complementar n\u00ba 123\/2016. O CGSN dever\u00e1 divulgar, em momento oportuno, os procedimentos aplic\u00e1veis para o per\u00edodo de op\u00e7\u00e3o de setembro de 2026.<\/p>\n<p>Para o Termo de Op\u00e7\u00e3o de janeiro de 2026, o fluxo foca na troca de informa\u00e7\u00f5es entre os Entes Federativos (Estados, DF e Munic\u00edpios) e a Receita Federal. A colabora\u00e7\u00e3o dos entes \u00e9 crucial, pois as informa\u00e7\u00f5es de pend\u00eancias que fornecem s\u00e3o utilizadas para evitar o ingresso de empresas com impedimento no Simples Nacional, n\u00e3o servindo para exclus\u00e3o de quem j\u00e1 \u00e9 optante.<\/p>\n<p>O Termo de Op\u00e7\u00e3o ter\u00e1 in\u00edcio em 02\/01\/2026. Ser\u00e3o verificadas as pend\u00eancias constantes nas bases da Receita e da Procuradoria-Geral da Fazenda Nacional, al\u00e9m das informadas pelos Entes Federativos no momento da solicita\u00e7\u00e3o.<\/p>\n<p>O comunicado destaca que o processamento final come\u00e7ar\u00e1 em 07\/02\/2026, usando as \u00faltimas informa\u00e7\u00f5es enviadas pelos Entes Federativos. Esse adiantamento \u00e9 necess\u00e1rio devido ao in\u00edcio do Carnaval em 16\/02\/2026, para que todos os resultados sejam divulgados antes do feriado.<\/p>\n<p>Recomenda-se que os entes enviem o arquivo de pend\u00eancias at\u00e9 o dia 31\/12\/2025, a fim de evitar deferimentos indevidos, uma vez que a op\u00e7\u00e3o pelo Simples Nacional ter\u00e1 in\u00edcio em 02\/01\/2026. A troca de arquivos entre a Receita e os Entes Federativos ocorre somente por meio de certifica\u00e7\u00e3o digital.<\/p>\n<p>Da\u00a0<strong><a href=\"https:\/\/www.cnm.org.br\/comunicacao\" target=\"_blank\" rel=\"noopener\">Ag\u00eancia CNM de Not\u00edcias<\/a><\/strong><\/p>\n<\/div>\n<\/div>\n<\/div>\n","protected":false},"excerpt":{"rendered":"<p>Total de Visualiza\u00e7\u00f5es&nbsp;612&nbsp;total views, Visto hoje&nbsp;6&nbsp;views today Munic\u00edpios devem ficar atentos: Receita e CGSN divulgam cronograma de op\u00e7\u00e3o pelo Simples<\/p>\n","protected":false},"author":1,"featured_media":6539,"comment_status":"open","ping_status":"open","sticky":false,"template":"","format":"standard","meta":{"footnotes":""},"categories":[62],"tags":[],"_links":{"self":[{"href":"https:\/\/blogdobetinho.com\/index.php?rest_route=\/wp\/v2\/posts\/6545"}],"collection":[{"href":"https:\/\/blogdobetinho.com\/index.php?rest_route=\/wp\/v2\/posts"}],"about":[{"href":"https:\/\/blogdobetinho.com\/index.php?rest_route=\/wp\/v2\/types\/post"}],"author":[{"embeddable":true,"href":"https:\/\/blogdobetinho.com\/index.php?rest_route=\/wp\/v2\/users\/1"}],"replies":[{"embeddable":true,"href":"https:\/\/blogdobetinho.com\/index.php?rest_route=%2Fwp%2Fv2%2Fcomments&post=6545"}],"version-history":[{"count":3,"href":"https:\/\/blogdobetinho.com\/index.php?rest_route=\/wp\/v2\/posts\/6545\/revisions"}],"predecessor-version":[{"id":6549,"href":"https:\/\/blogdobetinho.com\/index.php?rest_route=\/wp\/v2\/posts\/6545\/revisions\/6549"}],"wp:featuredmedia":[{"embeddable":true,"href":"https:\/\/blogdobetinho.com\/index.php?rest_route=\/wp\/v2\/media\/6539"}],"wp:attachment":[{"href":"https:\/\/blogdobetinho.com\/index.php?rest_route=%2Fwp%2Fv2%2Fmedia&parent=6545"}],"wp:term":[{"taxonomy":"category","embeddable":true,"href":"https:\/\/blogdobetinho.com\/index.php?rest_route=%2Fwp%2Fv2%2Fcategories&post=6545"},{"taxonomy":"post_tag","embeddable":true,"href":"https:\/\/blogdobetinho.com\/index.php?rest_route=%2Fwp%2Fv2%2Ftags&post=6545"}],"curies":[{"name":"wp","href":"https:\/\/api.w.org\/{rel}","templated":true}]}}