{"id":6534,"date":"2025-12-11T14:15:59","date_gmt":"2025-12-11T17:15:59","guid":{"rendered":"https:\/\/blogdobetinho.com\/?p=6534"},"modified":"2025-12-11T14:15:59","modified_gmt":"2025-12-11T17:15:59","slug":"prefeitura-inicia-testes-para-emissao-da-nota-fiscal-de-servico-eletronica-em-padrao-nacional","status":"publish","type":"post","link":"https:\/\/blogdobetinho.com\/?p=6534","title":{"rendered":"Prefeitura inicia testes para emiss\u00e3o da Nota Fiscal de Servi\u00e7o Eletr\u00f4nica em padr\u00e3o nacional"},"content":{"rendered":"<div class=\"pvc_clear\"><\/div>\n<p class=\"pvc_stats all \" data-element-id=\"6534\" style=\"\"><i class=\"pvc-stats-icon medium\" aria-hidden=\"true\"><svg aria-hidden=\"true\" focusable=\"false\" data-prefix=\"far\" data-icon=\"chart-bar\" role=\"img\" xmlns=\"http:\/\/www.w3.org\/2000\/svg\" viewBox=\"0 0 512 512\" class=\"svg-inline--fa fa-chart-bar fa-w-16 fa-2x\"><path fill=\"currentColor\" d=\"M396.8 352h22.4c6.4 0 12.8-6.4 12.8-12.8V108.8c0-6.4-6.4-12.8-12.8-12.8h-22.4c-6.4 0-12.8 6.4-12.8 12.8v230.4c0 6.4 6.4 12.8 12.8 12.8zm-192 0h22.4c6.4 0 12.8-6.4 12.8-12.8V140.8c0-6.4-6.4-12.8-12.8-12.8h-22.4c-6.4 0-12.8 6.4-12.8 12.8v198.4c0 6.4 6.4 12.8 12.8 12.8zm96 0h22.4c6.4 0 12.8-6.4 12.8-12.8V204.8c0-6.4-6.4-12.8-12.8-12.8h-22.4c-6.4 0-12.8 6.4-12.8 12.8v134.4c0 6.4 6.4 12.8 12.8 12.8zM496 400H48V80c0-8.84-7.16-16-16-16H16C7.16 64 0 71.16 0 80v336c0 17.67 14.33 32 32 32h464c8.84 0 16-7.16 16-16v-16c0-8.84-7.16-16-16-16zm-387.2-48h22.4c6.4 0 12.8-6.4 12.8-12.8v-70.4c0-6.4-6.4-12.8-12.8-12.8h-22.4c-6.4 0-12.8 6.4-12.8 12.8v70.4c0 6.4 6.4 12.8 12.8 12.8z\" class=\"\"><\/path><\/svg><\/i> Total de Visualiza\u00e7\u00f5es&nbsp;458&nbsp;total views, Visto hoje&nbsp;6&nbsp;views today<\/p>\n<div class=\"pvc_clear\"><\/div>\n<header>\n<div class=\"p-4\">\n<h1 class=\"p-4 text-lg italic text-center\"><span style=\"color: #ff6600;\">Ambiente de produ\u00e7\u00e3o restrita j\u00e1 est\u00e1 dispon\u00edvel para contribuintes realizarem testes antes da migra\u00e7\u00e3o oficial<\/span><\/h1>\n<\/div>\n<\/header>\n<p><main class=\"p-4\"><\/p>\n<p style=\"text-align: justify;\">A Prefeitura de Santar\u00e9m, por meio da Secretaria Municipal de Finan\u00e7as (Sefin), informa que j\u00e1 est\u00e1 dispon\u00edvel o Ambiente de Testes (produ\u00e7\u00e3o restrita) da Nota Fiscal de Servi\u00e7o Eletr\u00f4nica (NFS-e) em Padr\u00e3o Nacional. A ferramenta permite que os contribuintes realizem todos os testes necess\u00e1rios antes da migra\u00e7\u00e3o oficial para o novo emissor.<\/p>\n<p style=\"text-align: justify;\">\nNo ambiente de produ\u00e7\u00e3o restrita, \u00e9 poss\u00edvel testar a emiss\u00e3o e o cancelamento de notas, realizar consultas, verificar dados e validar a integra\u00e7\u00e3o de sistemas pr\u00f3prios \u00e0 plataforma nacional. As notas emitidas nessa fase n\u00e3o t\u00eam validade fiscal e servem exclusivamente para fins de confer\u00eancia e ajustes operacionais.<\/p>\n<p style=\"text-align: justify;\">\nA migra\u00e7\u00e3o obrigat\u00f3ria para o Ambiente Nacional ocorrer\u00e1 em 1\u00ba de janeiro de 2026. A partir dessa data, todas as emiss\u00f5es de NFS-e dever\u00e3o ser feitas exclusivamente pelo emissor do Sistema Nacional. Por isso, a Prefeitura recomenda que os contribuintes iniciem os testes o mais cedo poss\u00edvel, garantindo uma transi\u00e7\u00e3o sem imprevistos e a continuidade dos servi\u00e7os.<\/p>\n<p style=\"text-align: justify;\">\n\u201cEstamos avan\u00e7ando para um modelo mais moderno, padronizado e eficiente de emiss\u00e3o de notas fiscais. Disponibilizar o ambiente de testes com anteced\u00eancia \u00e9 fundamental para que os contribuintes se adaptem com tranquilidade, ajustem seus sistemas e se preparem para a migra\u00e7\u00e3o definitiva. Nosso compromisso \u00e9 garantir um processo transparente, orientado e sem impactos para os prestadores de servi\u00e7os do munic\u00edpio, explicou a Secret\u00e1ria Municipal de Finan\u00e7as, Josilene Pinto.\u201d<\/p>\n<p><strong>Links para testes<\/strong>:<\/p>\n<p><em><strong>Emissor Web\u00a0<\/strong><\/em><\/p>\n<p><a href=\"https:\/\/www.producaorestrita.nfse.gov.br\/EmissorNacional\">https:\/\/www.producaorestrita.nfse.gov.br\/EmissorNacional<\/a><\/p>\n<p><em><strong>API<\/strong><\/em><br \/>\n<a href=\"https:\/\/adn.producaorestrita.nfse.gov.br\/contribuintes\/docs\/index.html\">https:\/\/adn.producaorestrita.nfse.gov.br\/contribuintes\/docs\/index.html<\/a><\/p>\n<p>&nbsp;<\/p>\n<p><em><strong>Suporte t\u00e9cnico oficial NFS-e Nacional<\/strong><\/em><br \/>\n<a href=\"https:\/\/www.gov.br\/nfse\/pt-br\/canais_atendimento\/contact-info\">https:\/\/www.gov.br\/nfse\/pt-br\/canais_atendimento\/contact-info<\/a><\/p>\n<p>&nbsp;<\/p>\n<p>Al\u00e9m disso, est\u00e3o dispon\u00edveis materiais de orienta\u00e7\u00e3o, como FAQ, documenta\u00e7\u00e3o t\u00e9cnica, guias e v\u00eddeos explicativos nos seguintes endere\u00e7os:<\/p>\n<p><em><strong>FAQ NFS-e<\/strong><\/em><br \/>\n<a href=\"https:\/\/www.gov.br\/nfse\/pt-br\/copy_of_perguntas-frequentes\/copy_of_faq-nfs-e\">https:\/\/www.gov.br\/nfse\/pt-br\/copy_of_perguntas-frequentes\/copy_of_faq-nfs-e<\/a><\/p>\n<p><em><strong>Respostas a erros comuns<\/strong><\/em><br \/>\n<a href=\"https:\/\/forms.office.com\/pages\/responsepage.aspx?id=Q6pJbyqCIEyWcNt3AL8esBCkyHOnOPREghYY6BgquENUOU5FTk0yNjVCUDE3VlBSWlMySUxITU1aUiQlQCN0PWcu\">https:\/\/forms.office.com\/pages\/responsepage.aspx?id=Q6pJbyqCIEyWcNt3AL8esBCkyHOnOPREghYY6BgquENUOU5FTk0yNjVCUDE3VlBSWlMySUxITU1aUiQlQCN0PWcu\u00a0<\/a><\/p>\n<p><em><strong>Documenta\u00e7\u00e3o T\u00e9cnica<\/strong><\/em><br \/>\nhttps:\/\/www.gov.br\/nfse\/pt-br\/biblioteca\/documentacao-tecnica<\/p>\n<p><strong>V\u00eddeos explicativos:<\/strong><\/p>\n<p><em><strong>Cadastro no Emissor Nacional<\/strong><\/em><br \/>\n<a href=\"https:\/\/forms.office.com\/pages\/responsepage.aspx?id=Q6pJbyqCIEyWcNt3AL8esBCkyHOnOPREghYY6BgquENUOU5FTk0yNjVCUDE3VlBSWlMySUxITU1aUiQlQCN0PWcu\">https:\/\/www.youtube.com\/watch?v=jCf0QQ4n7xc\u00a0<\/a><\/p>\n<p><em><strong>Emiss\u00e3o via aplicativo<\/strong><\/em><br \/>\n<a href=\"https:\/\/www.youtube.com\/watch?v=Z152-eXvOMA\">https:\/\/www.youtube.com\/watch?v=Z152-eXvOMA<\/a><\/p>\n<p><em><strong>Emiss\u00e3o via web<\/strong><\/em><br \/>\n<a href=\"https:\/\/www.youtube.com\/watch?v=Oxf-l9-Mh1o\">https:\/\/www.youtube.com\/watch?v=Oxf-l9-Mh1o<\/a><\/p>\n<p>Fonte: ASCOM\/PMS<\/p>\n<p>&nbsp;<\/p>\n<p><\/main><\/p>\n","protected":false},"excerpt":{"rendered":"<p>Total de Visualiza\u00e7\u00f5es&nbsp;458&nbsp;total views, Visto hoje&nbsp;6&nbsp;views today Ambiente de produ\u00e7\u00e3o restrita j\u00e1 est\u00e1 dispon\u00edvel para contribuintes realizarem testes antes da<\/p>\n","protected":false},"author":1,"featured_media":6535,"comment_status":"open","ping_status":"open","sticky":false,"template":"","format":"standard","meta":{"footnotes":""},"categories":[66],"tags":[],"_links":{"self":[{"href":"https:\/\/blogdobetinho.com\/index.php?rest_route=\/wp\/v2\/posts\/6534"}],"collection":[{"href":"https:\/\/blogdobetinho.com\/index.php?rest_route=\/wp\/v2\/posts"}],"about":[{"href":"https:\/\/blogdobetinho.com\/index.php?rest_route=\/wp\/v2\/types\/post"}],"author":[{"embeddable":true,"href":"https:\/\/blogdobetinho.com\/index.php?rest_route=\/wp\/v2\/users\/1"}],"replies":[{"embeddable":true,"href":"https:\/\/blogdobetinho.com\/index.php?rest_route=%2Fwp%2Fv2%2Fcomments&post=6534"}],"version-history":[{"count":1,"href":"https:\/\/blogdobetinho.com\/index.php?rest_route=\/wp\/v2\/posts\/6534\/revisions"}],"predecessor-version":[{"id":6537,"href":"https:\/\/blogdobetinho.com\/index.php?rest_route=\/wp\/v2\/posts\/6534\/revisions\/6537"}],"wp:featuredmedia":[{"embeddable":true,"href":"https:\/\/blogdobetinho.com\/index.php?rest_route=\/wp\/v2\/media\/6535"}],"wp:attachment":[{"href":"https:\/\/blogdobetinho.com\/index.php?rest_route=%2Fwp%2Fv2%2Fmedia&parent=6534"}],"wp:term":[{"taxonomy":"category","embeddable":true,"href":"https:\/\/blogdobetinho.com\/index.php?rest_route=%2Fwp%2Fv2%2Fcategories&post=6534"},{"taxonomy":"post_tag","embeddable":true,"href":"https:\/\/blogdobetinho.com\/index.php?rest_route=%2Fwp%2Fv2%2Ftags&post=6534"}],"curies":[{"name":"wp","href":"https:\/\/api.w.org\/{rel}","templated":true}]}}