{"id":6529,"date":"2025-12-11T13:49:36","date_gmt":"2025-12-11T16:49:36","guid":{"rendered":"https:\/\/blogdobetinho.com\/?p=6529"},"modified":"2025-12-11T13:49:36","modified_gmt":"2025-12-11T16:49:36","slug":"contribuintes-tem-ate-30-de-dezembro-para-aproveitar-os-descontos-do-prorefis-2025","status":"publish","type":"post","link":"https:\/\/blogdobetinho.com\/?p=6529","title":{"rendered":"Contribuintes t\u00eam at\u00e9 30 de dezembro para aproveitar os descontos do ProRefis 2025"},"content":{"rendered":"<div class=\"pvc_clear\"><\/div>\n<p class=\"pvc_stats all \" data-element-id=\"6529\" style=\"\"><i class=\"pvc-stats-icon medium\" aria-hidden=\"true\"><svg aria-hidden=\"true\" focusable=\"false\" data-prefix=\"far\" data-icon=\"chart-bar\" role=\"img\" xmlns=\"http:\/\/www.w3.org\/2000\/svg\" viewBox=\"0 0 512 512\" class=\"svg-inline--fa fa-chart-bar fa-w-16 fa-2x\"><path fill=\"currentColor\" d=\"M396.8 352h22.4c6.4 0 12.8-6.4 12.8-12.8V108.8c0-6.4-6.4-12.8-12.8-12.8h-22.4c-6.4 0-12.8 6.4-12.8 12.8v230.4c0 6.4 6.4 12.8 12.8 12.8zm-192 0h22.4c6.4 0 12.8-6.4 12.8-12.8V140.8c0-6.4-6.4-12.8-12.8-12.8h-22.4c-6.4 0-12.8 6.4-12.8 12.8v198.4c0 6.4 6.4 12.8 12.8 12.8zm96 0h22.4c6.4 0 12.8-6.4 12.8-12.8V204.8c0-6.4-6.4-12.8-12.8-12.8h-22.4c-6.4 0-12.8 6.4-12.8 12.8v134.4c0 6.4 6.4 12.8 12.8 12.8zM496 400H48V80c0-8.84-7.16-16-16-16H16C7.16 64 0 71.16 0 80v336c0 17.67 14.33 32 32 32h464c8.84 0 16-7.16 16-16v-16c0-8.84-7.16-16-16-16zm-387.2-48h22.4c6.4 0 12.8-6.4 12.8-12.8v-70.4c0-6.4-6.4-12.8-12.8-12.8h-22.4c-6.4 0-12.8 6.4-12.8 12.8v70.4c0 6.4 6.4 12.8 12.8 12.8z\" class=\"\"><\/path><\/svg><\/i> Total de Visualiza\u00e7\u00f5es&nbsp;445&nbsp;total views, Visto hoje&nbsp;6&nbsp;views today<\/p>\n<div class=\"pvc_clear\"><\/div>\n<h1 style=\"font-weight: 600;\">Contribuintes t\u00eam nova oportunidade para regularizar d\u00e9bitos com descontos especiais<\/h1>\n<p style=\"text-align: justify;\"><img loading=\"lazy\" decoding=\"async\" class=\"size-medium wp-image-6531 aligncenter\" src=\"http:\/\/blogdobetinho.com\/wp-content\/uploads\/2025\/12\/prorefis-krvDrZ-1-300x178.jpg\" alt=\"\" width=\"300\" height=\"178\" srcset=\"https:\/\/blogdobetinho.com\/wp-content\/uploads\/2025\/12\/prorefis-krvDrZ-1-300x178.jpg 300w, https:\/\/blogdobetinho.com\/wp-content\/uploads\/2025\/12\/prorefis-krvDrZ-1-1024x606.jpg 1024w, https:\/\/blogdobetinho.com\/wp-content\/uploads\/2025\/12\/prorefis-krvDrZ-1-768x455.jpg 768w, https:\/\/blogdobetinho.com\/wp-content\/uploads\/2025\/12\/prorefis-krvDrZ-1.jpg 1366w\" sizes=\"(max-width: 300px) 100vw, 300px\" \/>A Prefeitura de Santar\u00e9m, por meio da Secretaria Municipal de Finan\u00e7as (Sefin), prorrogou o prazo do Programa de Recupera\u00e7\u00e3o Fiscal (ProRefis 2025) at\u00e9 o dia 30 de dezembro. A medida oferece aos contribuintes mais uma chance de garantir descontos que variam de 50% a 100% sobre juros e multas de d\u00e9bitos junto ao munic\u00edpio, incluindo aqueles j\u00e1 inscritos em d\u00edvida ativa ou em processo judicial.<\/p>\n<p style=\"text-align: justify;\">A secret\u00e1ria municipal de Finan\u00e7as, Josilene Pinto, refor\u00e7ou que a ades\u00e3o \u00e9 pr\u00e1tica e totalmente acess\u00edvel.<\/p>\n<p style=\"text-align: justify;\">\u201cTodo o processo pode ser feito pelo site da Prefeitura. O contribuinte precisa apenas acessar a aba do ProRefis 2025, escolher a op\u00e7\u00e3o de ades\u00e3o. Para quem optar pelo pagamento \u00e0 vista, o desconto em juros e multas \u00e9 de 100%, e o boleto j\u00e1 pode ser emitido pelo pr\u00f3prio contribuinte. E uma novidade importante deste ano \u00e9 que o parcelamento tamb\u00e9m pode ser solicitado online\u201d, explicou.<\/p>\n<p style=\"text-align: justify;\">Confira os descontos conforme a forma de pagamento:<\/p>\n<ul style=\"text-align: justify;\">\n<li>100% para pagamento em parcela \u00fanica;<\/li>\n<li>95% para at\u00e9 4 parcelas;<\/li>\n<li>90% para at\u00e9 6 parcelas;<\/li>\n<li>85% para at\u00e9 8 parcelas;<\/li>\n<li>80% para at\u00e9 10 parcelas;<\/li>\n<li>50% para at\u00e9 18 parcelas.<\/li>\n<\/ul>\n<p style=\"text-align: justify;\">Ainda segundo a secret\u00e1ria, a regulariza\u00e7\u00e3o dos tributos contribui diretamente para o fortalecimento das pol\u00edticas p\u00fablicas municipais.<\/p>\n<p style=\"text-align: justify;\">\u201cRefor\u00e7amos que a arrecada\u00e7\u00e3o \u00e9 essencial para manter e ampliar os servi\u00e7os de sa\u00fade, educa\u00e7\u00e3o, infraestrutura e outras a\u00e7\u00f5es fundamentais que chegam \u00e0 popula\u00e7\u00e3o de Santar\u00e9m\u201d, destacou.<\/p>\n<p style=\"text-align: justify;\">\u00a0Al\u00e9m do site oficial da Prefeitura, os contribuintes podem esclarecer d\u00favidas pelo WhatsApp (93) 99224-4596 ou (93) 99206-8077, ou ainda presencialmente na Central de Atendimento ao Contribuinte, localizada na Av. Cris\u00e2ntemo, 829, Aeroporto Velho, das 8h \u00e0s 13h ou Procuradoria Fiscal, das 8h \u00e0s 14h, localizada na Rua Magn\u00f3lia, 763, Aeroporto Velho.<\/p>\n<h5 class=\"font-semibold\">Ailanda Tavares &#8211; ASCOM\/PMS<\/h5>\n<p>&nbsp;<\/p>\n","protected":false},"excerpt":{"rendered":"<p>Total de Visualiza\u00e7\u00f5es&nbsp;445&nbsp;total views, Visto hoje&nbsp;6&nbsp;views today Contribuintes t\u00eam nova oportunidade para regularizar d\u00e9bitos com descontos especiais A Prefeitura de<\/p>\n","protected":false},"author":1,"featured_media":6530,"comment_status":"open","ping_status":"open","sticky":false,"template":"","format":"standard","meta":{"footnotes":""},"categories":[66],"tags":[],"_links":{"self":[{"href":"https:\/\/blogdobetinho.com\/index.php?rest_route=\/wp\/v2\/posts\/6529"}],"collection":[{"href":"https:\/\/blogdobetinho.com\/index.php?rest_route=\/wp\/v2\/posts"}],"about":[{"href":"https:\/\/blogdobetinho.com\/index.php?rest_route=\/wp\/v2\/types\/post"}],"author":[{"embeddable":true,"href":"https:\/\/blogdobetinho.com\/index.php?rest_route=\/wp\/v2\/users\/1"}],"replies":[{"embeddable":true,"href":"https:\/\/blogdobetinho.com\/index.php?rest_route=%2Fwp%2Fv2%2Fcomments&post=6529"}],"version-history":[{"count":1,"href":"https:\/\/blogdobetinho.com\/index.php?rest_route=\/wp\/v2\/posts\/6529\/revisions"}],"predecessor-version":[{"id":6532,"href":"https:\/\/blogdobetinho.com\/index.php?rest_route=\/wp\/v2\/posts\/6529\/revisions\/6532"}],"wp:featuredmedia":[{"embeddable":true,"href":"https:\/\/blogdobetinho.com\/index.php?rest_route=\/wp\/v2\/media\/6530"}],"wp:attachment":[{"href":"https:\/\/blogdobetinho.com\/index.php?rest_route=%2Fwp%2Fv2%2Fmedia&parent=6529"}],"wp:term":[{"taxonomy":"category","embeddable":true,"href":"https:\/\/blogdobetinho.com\/index.php?rest_route=%2Fwp%2Fv2%2Fcategories&post=6529"},{"taxonomy":"post_tag","embeddable":true,"href":"https:\/\/blogdobetinho.com\/index.php?rest_route=%2Fwp%2Fv2%2Ftags&post=6529"}],"curies":[{"name":"wp","href":"https:\/\/api.w.org\/{rel}","templated":true}]}}