{"id":6511,"date":"2025-06-24T08:54:10","date_gmt":"2025-06-24T11:54:10","guid":{"rendered":"https:\/\/blogdobetinho.com\/?p=6511"},"modified":"2025-06-24T08:54:39","modified_gmt":"2025-06-24T11:54:39","slug":"7a-corrida-santarem-do-meu-amor-celebra-os-364-anos-da-perola-do-tapajos-com-esporte-saude-e-turismo","status":"publish","type":"post","link":"https:\/\/blogdobetinho.com\/?p=6511","title":{"rendered":"7\u00aa Corrida \u201cSantar\u00e9m do Meu Amor\u201d celebra os 364 anos da P\u00e9rola do Tapaj\u00f3s com esporte, sa\u00fade e turismo"},"content":{"rendered":"<div class=\"pvc_clear\"><\/div>\n<p class=\"pvc_stats all \" data-element-id=\"6511\" style=\"\"><i class=\"pvc-stats-icon medium\" aria-hidden=\"true\"><svg aria-hidden=\"true\" focusable=\"false\" data-prefix=\"far\" data-icon=\"chart-bar\" role=\"img\" xmlns=\"http:\/\/www.w3.org\/2000\/svg\" viewBox=\"0 0 512 512\" class=\"svg-inline--fa fa-chart-bar fa-w-16 fa-2x\"><path fill=\"currentColor\" d=\"M396.8 352h22.4c6.4 0 12.8-6.4 12.8-12.8V108.8c0-6.4-6.4-12.8-12.8-12.8h-22.4c-6.4 0-12.8 6.4-12.8 12.8v230.4c0 6.4 6.4 12.8 12.8 12.8zm-192 0h22.4c6.4 0 12.8-6.4 12.8-12.8V140.8c0-6.4-6.4-12.8-12.8-12.8h-22.4c-6.4 0-12.8 6.4-12.8 12.8v198.4c0 6.4 6.4 12.8 12.8 12.8zm96 0h22.4c6.4 0 12.8-6.4 12.8-12.8V204.8c0-6.4-6.4-12.8-12.8-12.8h-22.4c-6.4 0-12.8 6.4-12.8 12.8v134.4c0 6.4 6.4 12.8 12.8 12.8zM496 400H48V80c0-8.84-7.16-16-16-16H16C7.16 64 0 71.16 0 80v336c0 17.67 14.33 32 32 32h464c8.84 0 16-7.16 16-16v-16c0-8.84-7.16-16-16-16zm-387.2-48h22.4c6.4 0 12.8-6.4 12.8-12.8v-70.4c0-6.4-6.4-12.8-12.8-12.8h-22.4c-6.4 0-12.8 6.4-12.8 12.8v70.4c0 6.4 6.4 12.8 12.8 12.8z\" class=\"\"><\/path><\/svg><\/i> Total de Visualiza\u00e7\u00f5es&nbsp;898&nbsp;total views, Visto hoje&nbsp;6&nbsp;views today<\/p>\n<div class=\"pvc_clear\"><\/div>\n<h5 class=\"font-semibold\">Fernanda Rabelo<\/h5>\n<div class=\"flex flex-col items-center justify-start md:justify-between md:flex-row\"><small>Publicado em\u00a0<time>22\/06\/2025 17:42<\/time>\u00a0&#8211;\u00a0Atualizado\u00a0<time>h\u00e1 1 dia<\/time><\/small><\/div>\n<h6 class=\"p-4 text-lg italic text-center\">Uma manh\u00e3 de esporte, sa\u00fade e amor por Santar\u00e9m reuniu quase mil participantes nas ruas da cidade<\/h6>\n<p><img loading=\"lazy\" decoding=\"async\" class=\"size-medium wp-image-6512 aligncenter\" src=\"http:\/\/blogdobetinho.com\/wp-content\/uploads\/2025\/06\/rgvL21qSaKqLgaRQz8XFD2xSpF2eIMbF1bkm3zaL-300x200.jpg\" alt=\"\" width=\"300\" height=\"200\" srcset=\"https:\/\/blogdobetinho.com\/wp-content\/uploads\/2025\/06\/rgvL21qSaKqLgaRQz8XFD2xSpF2eIMbF1bkm3zaL-300x200.jpg 300w, https:\/\/blogdobetinho.com\/wp-content\/uploads\/2025\/06\/rgvL21qSaKqLgaRQz8XFD2xSpF2eIMbF1bkm3zaL-1024x683.jpg 1024w, https:\/\/blogdobetinho.com\/wp-content\/uploads\/2025\/06\/rgvL21qSaKqLgaRQz8XFD2xSpF2eIMbF1bkm3zaL-768x512.jpg 768w, https:\/\/blogdobetinho.com\/wp-content\/uploads\/2025\/06\/rgvL21qSaKqLgaRQz8XFD2xSpF2eIMbF1bkm3zaL-1536x1024.jpg 1536w, https:\/\/blogdobetinho.com\/wp-content\/uploads\/2025\/06\/rgvL21qSaKqLgaRQz8XFD2xSpF2eIMbF1bkm3zaL-2048x1365.jpg 2048w\" sizes=\"(max-width: 300px) 100vw, 300px\" \/><\/p>\n<p><img loading=\"lazy\" decoding=\"async\" class=\"size-medium wp-image-6515 aligncenter\" src=\"http:\/\/blogdobetinho.com\/wp-content\/uploads\/2025\/06\/NcMgJ5xKKjBhd01bSpJ5c6UqVcTxzHo9jnxpQNmK-2-300x200.jpg\" alt=\"\" width=\"300\" height=\"200\" srcset=\"https:\/\/blogdobetinho.com\/wp-content\/uploads\/2025\/06\/NcMgJ5xKKjBhd01bSpJ5c6UqVcTxzHo9jnxpQNmK-2-300x200.jpg 300w, https:\/\/blogdobetinho.com\/wp-content\/uploads\/2025\/06\/NcMgJ5xKKjBhd01bSpJ5c6UqVcTxzHo9jnxpQNmK-2-1024x683.jpg 1024w, https:\/\/blogdobetinho.com\/wp-content\/uploads\/2025\/06\/NcMgJ5xKKjBhd01bSpJ5c6UqVcTxzHo9jnxpQNmK-2-768x512.jpg 768w, https:\/\/blogdobetinho.com\/wp-content\/uploads\/2025\/06\/NcMgJ5xKKjBhd01bSpJ5c6UqVcTxzHo9jnxpQNmK-2-1536x1024.jpg 1536w, https:\/\/blogdobetinho.com\/wp-content\/uploads\/2025\/06\/NcMgJ5xKKjBhd01bSpJ5c6UqVcTxzHo9jnxpQNmK-2-2048x1365.jpg 2048w\" sizes=\"(max-width: 300px) 100vw, 300px\" \/><\/p>\n<p style=\"text-align: justify;\">Santar\u00e9m amanheceu ainda mais vibrante neste domingo, 22, com a realiza\u00e7\u00e3o da 7\u00aa edi\u00e7\u00e3o da Corrida \u201cSantar\u00e9m do Meu Amor\u201d, um evento que j\u00e1 faz parte das comemora\u00e7\u00f5es oficiais do anivers\u00e1rio da cidade. Quase mil atletas e simpatizantes se reuniram sob o nascer do sol da P\u00e9rola do Tapaj\u00f3s, em um trajeto que movimentou as principais ruas da cidade, totalizando mais de 6 km de desafio, supera\u00e7\u00e3o e celebra\u00e7\u00e3o.<\/p>\n<p><img loading=\"lazy\" decoding=\"async\" class=\"size-medium wp-image-6516 aligncenter\" src=\"http:\/\/blogdobetinho.com\/wp-content\/uploads\/2025\/06\/Cr9DhygKSNEPEwng5uKfaPKl2bhvNAJY6gE46XCe-300x200.jpg\" alt=\"\" width=\"300\" height=\"200\" srcset=\"https:\/\/blogdobetinho.com\/wp-content\/uploads\/2025\/06\/Cr9DhygKSNEPEwng5uKfaPKl2bhvNAJY6gE46XCe-300x200.jpg 300w, https:\/\/blogdobetinho.com\/wp-content\/uploads\/2025\/06\/Cr9DhygKSNEPEwng5uKfaPKl2bhvNAJY6gE46XCe-1024x683.jpg 1024w, https:\/\/blogdobetinho.com\/wp-content\/uploads\/2025\/06\/Cr9DhygKSNEPEwng5uKfaPKl2bhvNAJY6gE46XCe-768x512.jpg 768w, https:\/\/blogdobetinho.com\/wp-content\/uploads\/2025\/06\/Cr9DhygKSNEPEwng5uKfaPKl2bhvNAJY6gE46XCe-1536x1024.jpg 1536w, https:\/\/blogdobetinho.com\/wp-content\/uploads\/2025\/06\/Cr9DhygKSNEPEwng5uKfaPKl2bhvNAJY6gE46XCe-2048x1365.jpg 2048w\" sizes=\"(max-width: 300px) 100vw, 300px\" \/><\/p>\n<p style=\"text-align: justify;\">A corrida \u00e9 uma realiza\u00e7\u00e3o da Prefeitura de Santar\u00e9m, por meio da Secretaria Municipal de Juventude, Esporte e Lazer (Semjel), em parceria com a Crono Santar\u00e9m, reafirmando o compromisso da gest\u00e3o municipal com a promo\u00e7\u00e3o da qualidade de vida, do esporte e do turismo local.<\/p>\n<p><img loading=\"lazy\" decoding=\"async\" class=\"size-medium wp-image-6517 aligncenter\" src=\"http:\/\/blogdobetinho.com\/wp-content\/uploads\/2025\/06\/IslF2HLbNqtleqQKFik2t9rzdiJd7VIJVoG2BKMT-300x200.jpg\" alt=\"\" width=\"300\" height=\"200\" srcset=\"https:\/\/blogdobetinho.com\/wp-content\/uploads\/2025\/06\/IslF2HLbNqtleqQKFik2t9rzdiJd7VIJVoG2BKMT-300x200.jpg 300w, https:\/\/blogdobetinho.com\/wp-content\/uploads\/2025\/06\/IslF2HLbNqtleqQKFik2t9rzdiJd7VIJVoG2BKMT-1024x683.jpg 1024w, https:\/\/blogdobetinho.com\/wp-content\/uploads\/2025\/06\/IslF2HLbNqtleqQKFik2t9rzdiJd7VIJVoG2BKMT-768x512.jpg 768w, https:\/\/blogdobetinho.com\/wp-content\/uploads\/2025\/06\/IslF2HLbNqtleqQKFik2t9rzdiJd7VIJVoG2BKMT-1536x1024.jpg 1536w, https:\/\/blogdobetinho.com\/wp-content\/uploads\/2025\/06\/IslF2HLbNqtleqQKFik2t9rzdiJd7VIJVoG2BKMT-2048x1365.jpg 2048w\" sizes=\"(max-width: 300px) 100vw, 300px\" \/><\/p>\n<p style=\"text-align: justify;\">Para Wagner Andrade, propriet\u00e1rio da Crono Santar\u00e9m, o evento \u00e9 muito mais que uma competi\u00e7\u00e3o.\u00a0\u201cN\u00f3s da Crono Santar\u00e9m realizamos a Corrida Santar\u00e9m do Meu Amor desde 2018 e temos como principal objetivo comemorar o anivers\u00e1rio de Santar\u00e9m incentivando a pr\u00e1tica esportiva e a busca pela qualidade de vida. A corrida tomou uma dimens\u00e3o gigantesca e se tornou parte do calend\u00e1rio oficial da Prefeitura, unindo sa\u00fade, esporte e turismo. Al\u00e9m disso, valoriza nossos pontos urbanos e as belezas da cidade, reafirmando o valor cultural e tur\u00edstico de Santar\u00e9m.\u201d<\/p>\n<p style=\"text-align: justify;\">O secret\u00e1rio de Juventude, Esporte e Lazer, Pedro Henrique, tamb\u00e9m destacou a import\u00e2ncia desse momento para o munic\u00edpi. \u201c\u00c9 muito gratificante ver nossa cidade unida, celebrando seus 364 anos de forma saud\u00e1vel e participativa. A Corrida Santar\u00e9m do Meu Amor \u00e9 mais que um evento esportivo, \u00e9 uma manifesta\u00e7\u00e3o de amor pela nossa terra, que une esporte, sa\u00fade e pertencimento. A Prefeitura segue apoiando iniciativas como essa, que promovem qualidade de vida, turismo e fortalecem nossos la\u00e7os com Santar\u00e9m.\u201d<\/p>\n<p style=\"text-align: justify;\">A manh\u00e3 esportiva foi encerrada com muita anima\u00e7\u00e3o, entrega de medalhas e aquele sentimento de orgulho estampado no rosto de cada participante, em uma verdadeira homenagem ao esp\u00edrito vibrante e acolhedor da nossa Santar\u00e9m.<\/p>\n<p style=\"text-align: justify;\"><img loading=\"lazy\" decoding=\"async\" class=\"size-medium wp-image-6519 aligncenter\" src=\"http:\/\/blogdobetinho.com\/wp-content\/uploads\/2025\/06\/F9vBs3HJcg3e9ucseOQUuOGawmSdpU2GGzlX5Doi-1-300x200.jpg\" alt=\"\" width=\"300\" height=\"200\" srcset=\"https:\/\/blogdobetinho.com\/wp-content\/uploads\/2025\/06\/F9vBs3HJcg3e9ucseOQUuOGawmSdpU2GGzlX5Doi-1-300x200.jpg 300w, https:\/\/blogdobetinho.com\/wp-content\/uploads\/2025\/06\/F9vBs3HJcg3e9ucseOQUuOGawmSdpU2GGzlX5Doi-1-1024x683.jpg 1024w, https:\/\/blogdobetinho.com\/wp-content\/uploads\/2025\/06\/F9vBs3HJcg3e9ucseOQUuOGawmSdpU2GGzlX5Doi-1-768x512.jpg 768w, https:\/\/blogdobetinho.com\/wp-content\/uploads\/2025\/06\/F9vBs3HJcg3e9ucseOQUuOGawmSdpU2GGzlX5Doi-1-1536x1024.jpg 1536w, https:\/\/blogdobetinho.com\/wp-content\/uploads\/2025\/06\/F9vBs3HJcg3e9ucseOQUuOGawmSdpU2GGzlX5Doi-1-2048x1365.jpg 2048w\" sizes=\"(max-width: 300px) 100vw, 300px\" \/><\/p>\n<p><img loading=\"lazy\" decoding=\"async\" class=\" wp-image-6520 aligncenter\" src=\"http:\/\/blogdobetinho.com\/wp-content\/uploads\/2025\/06\/gtX0eM7GeThlVXMbyjVsjIwQhBrw7h56EqgcqfmI-300x200.jpg\" alt=\"\" width=\"299\" height=\"199\" srcset=\"https:\/\/blogdobetinho.com\/wp-content\/uploads\/2025\/06\/gtX0eM7GeThlVXMbyjVsjIwQhBrw7h56EqgcqfmI-300x200.jpg 300w, https:\/\/blogdobetinho.com\/wp-content\/uploads\/2025\/06\/gtX0eM7GeThlVXMbyjVsjIwQhBrw7h56EqgcqfmI-1024x683.jpg 1024w, https:\/\/blogdobetinho.com\/wp-content\/uploads\/2025\/06\/gtX0eM7GeThlVXMbyjVsjIwQhBrw7h56EqgcqfmI-768x512.jpg 768w, https:\/\/blogdobetinho.com\/wp-content\/uploads\/2025\/06\/gtX0eM7GeThlVXMbyjVsjIwQhBrw7h56EqgcqfmI-1536x1024.jpg 1536w, https:\/\/blogdobetinho.com\/wp-content\/uploads\/2025\/06\/gtX0eM7GeThlVXMbyjVsjIwQhBrw7h56EqgcqfmI-2048x1365.jpg 2048w\" sizes=\"(max-width: 299px) 100vw, 299px\" \/><\/p>\n","protected":false},"excerpt":{"rendered":"<p>Total de Visualiza\u00e7\u00f5es&nbsp;898&nbsp;total views, Visto hoje&nbsp;6&nbsp;views today Fernanda Rabelo Publicado em\u00a022\/06\/2025 17:42\u00a0&#8211;\u00a0Atualizado\u00a0h\u00e1 1 dia Uma manh\u00e3 de esporte, sa\u00fade e<\/p>\n","protected":false},"author":1,"featured_media":6521,"comment_status":"open","ping_status":"open","sticky":false,"template":"","format":"standard","meta":{"footnotes":""},"categories":[56,66],"tags":[],"_links":{"self":[{"href":"https:\/\/blogdobetinho.com\/index.php?rest_route=\/wp\/v2\/posts\/6511"}],"collection":[{"href":"https:\/\/blogdobetinho.com\/index.php?rest_route=\/wp\/v2\/posts"}],"about":[{"href":"https:\/\/blogdobetinho.com\/index.php?rest_route=\/wp\/v2\/types\/post"}],"author":[{"embeddable":true,"href":"https:\/\/blogdobetinho.com\/index.php?rest_route=\/wp\/v2\/users\/1"}],"replies":[{"embeddable":true,"href":"https:\/\/blogdobetinho.com\/index.php?rest_route=%2Fwp%2Fv2%2Fcomments&post=6511"}],"version-history":[{"count":1,"href":"https:\/\/blogdobetinho.com\/index.php?rest_route=\/wp\/v2\/posts\/6511\/revisions"}],"predecessor-version":[{"id":6522,"href":"https:\/\/blogdobetinho.com\/index.php?rest_route=\/wp\/v2\/posts\/6511\/revisions\/6522"}],"wp:featuredmedia":[{"embeddable":true,"href":"https:\/\/blogdobetinho.com\/index.php?rest_route=\/wp\/v2\/media\/6521"}],"wp:attachment":[{"href":"https:\/\/blogdobetinho.com\/index.php?rest_route=%2Fwp%2Fv2%2Fmedia&parent=6511"}],"wp:term":[{"taxonomy":"category","embeddable":true,"href":"https:\/\/blogdobetinho.com\/index.php?rest_route=%2Fwp%2Fv2%2Fcategories&post=6511"},{"taxonomy":"post_tag","embeddable":true,"href":"https:\/\/blogdobetinho.com\/index.php?rest_route=%2Fwp%2Fv2%2Ftags&post=6511"}],"curies":[{"name":"wp","href":"https:\/\/api.w.org\/{rel}","templated":true}]}}