{"id":6506,"date":"2025-06-13T09:27:46","date_gmt":"2025-06-13T12:27:46","guid":{"rendered":"https:\/\/blogdobetinho.com\/?p=6506"},"modified":"2025-06-13T09:27:46","modified_gmt":"2025-06-13T12:27:46","slug":"ex-prefeito-nelio-aguiar-relata-momento-delicado-durante-visita-oficial-a-israel-e-pede-que-grupo-de-brasileiros-seja-resgatado-pelo-governo-federal","status":"publish","type":"post","link":"https:\/\/blogdobetinho.com\/?p=6506","title":{"rendered":"Ex-prefeito N\u00e9lio Aguiar relata momento delicado durante visita oficial a Israel e pede que grupo de brasileiros seja resgatado pelo governo federal"},"content":{"rendered":"<div class=\"pvc_clear\"><\/div>\n<p class=\"pvc_stats all \" data-element-id=\"6506\" style=\"\"><i class=\"pvc-stats-icon medium\" aria-hidden=\"true\"><svg aria-hidden=\"true\" focusable=\"false\" data-prefix=\"far\" data-icon=\"chart-bar\" role=\"img\" xmlns=\"http:\/\/www.w3.org\/2000\/svg\" viewBox=\"0 0 512 512\" class=\"svg-inline--fa fa-chart-bar fa-w-16 fa-2x\"><path fill=\"currentColor\" d=\"M396.8 352h22.4c6.4 0 12.8-6.4 12.8-12.8V108.8c0-6.4-6.4-12.8-12.8-12.8h-22.4c-6.4 0-12.8 6.4-12.8 12.8v230.4c0 6.4 6.4 12.8 12.8 12.8zm-192 0h22.4c6.4 0 12.8-6.4 12.8-12.8V140.8c0-6.4-6.4-12.8-12.8-12.8h-22.4c-6.4 0-12.8 6.4-12.8 12.8v198.4c0 6.4 6.4 12.8 12.8 12.8zm96 0h22.4c6.4 0 12.8-6.4 12.8-12.8V204.8c0-6.4-6.4-12.8-12.8-12.8h-22.4c-6.4 0-12.8 6.4-12.8 12.8v134.4c0 6.4 6.4 12.8 12.8 12.8zM496 400H48V80c0-8.84-7.16-16-16-16H16C7.16 64 0 71.16 0 80v336c0 17.67 14.33 32 32 32h464c8.84 0 16-7.16 16-16v-16c0-8.84-7.16-16-16-16zm-387.2-48h22.4c6.4 0 12.8-6.4 12.8-12.8v-70.4c0-6.4-6.4-12.8-12.8-12.8h-22.4c-6.4 0-12.8 6.4-12.8 12.8v70.4c0 6.4 6.4 12.8 12.8 12.8z\" class=\"\"><\/path><\/svg><\/i> Total de Visualiza\u00e7\u00f5es&nbsp;1,098&nbsp;total views, Visto hoje&nbsp;6&nbsp;views today<\/p>\n<div class=\"pvc_clear\"><\/div>\n<p class=\"postitle\">Secret\u00e1rio regional de governo relata que at\u00e9 \u00e0s 13 horas, hor\u00e1rio de Israel, desta sexta-feira, a comitiva brasileira estava em local seguro<\/p>\n<div class=\"itemAuthor_mod\">PORTAL OESTADONET &#8211;\u00a013\/06\/2025<\/div>\n<div><img loading=\"lazy\" decoding=\"async\" class=\"size-medium wp-image-6507 aligncenter\" src=\"http:\/\/blogdobetinho.com\/wp-content\/uploads\/2025\/06\/16ec4869fe074fc8eb7c7f79e5126c5a-300x225.jpg\" alt=\"\" width=\"300\" height=\"225\" srcset=\"https:\/\/blogdobetinho.com\/wp-content\/uploads\/2025\/06\/16ec4869fe074fc8eb7c7f79e5126c5a-300x225.jpg 300w, https:\/\/blogdobetinho.com\/wp-content\/uploads\/2025\/06\/16ec4869fe074fc8eb7c7f79e5126c5a-768x576.jpg 768w, https:\/\/blogdobetinho.com\/wp-content\/uploads\/2025\/06\/16ec4869fe074fc8eb7c7f79e5126c5a.jpg 800w\" sizes=\"(max-width: 300px) 100vw, 300px\" \/><\/div>\n<p>O ex-prefeito de Santar\u00e9m N\u00e9lio Aguiar, secret\u00e1rio regional de Governo do Baixo Amazonas,\u00a0est\u00e1 em miss\u00e3o oficial em Israel desde a \u00faltima segunda-feira (09), acompanhado de autoridades brasileiras, incluindo prefeitos de capitais como Jo\u00e3o Pessoa, Belo Horizonte e a vice-prefeita de Florian\u00f3polis. Em meio a uma intensa agenda diplom\u00e1tica e t\u00e9cnica, N\u00e9lio enfrentou, na madrugada desta sexta-feira (hor\u00e1rio de Israel), um alerta de ataque que exigiu evacua\u00e7\u00e3o imediata para um abrigo.<\/p>\n<p>&#8220;Recebi o alerta \u00e0s tr\u00eas da manh\u00e3, aqui em Israel, 21h no Brasil. Fomos orientados pela Defesa Civil israelense a descer imediatamente para o abrigo. Permanecemos por cerca de 40 minutos at\u00e9 novo alerta nos liberar para retornar aos quartos&#8221;, relatou o secret\u00e1rio em v\u00eddeo divulgado nas redes sociais.<\/p>\n<p>O grupo segue em um alojamento estruturado com dormit\u00f3rios, refeit\u00f3rio e audit\u00f3rios. \u201cEstamos em um espa\u00e7o seguro, com abrigo subterr\u00e2neo a menos de um minuto de dist\u00e2ncia. N\u00e3o estamos saindo \u00e0s ruas. Todas as refei\u00e7\u00f5es e atividades ocorrem dentro do campus\u201d, explicou N\u00e9lio.<\/p>\n<p>A expectativa agora \u00e9 por uma a\u00e7\u00e3o coordenada entre o governo brasileiro e a embaixada em Israel para viabilizar o retorno seguro da comitiva. \u201cPrecisamos de uma resposta do Itamaraty. A \u00fanica sa\u00edda mais r\u00e1pida agora seria com apoio direto do governo\u201d, finalizou N\u00e9lio.<\/p>\n<p>O grupo est\u00e1 alojado em um campus universit\u00e1rio localizado a cerca de 15 quil\u00f4metros de Tel Aviv. Apesar da seguran\u00e7a do local, o clima \u00e9 tenso e de apreens\u00e3o. &#8220;As atividades n\u00e3o essenciais foram suspensas e o espa\u00e7o a\u00e9reo est\u00e1 fechado. Estamos aguardando orienta\u00e7\u00f5es do Itamaraty e da Embaixada do Brasil&#8221;, afirmou Aguiar.<\/p>\n<p>Segundo N\u00e9lio, a previs\u00e3o inicial de retorno ao Brasil seria no dia 20 de junho, mas com o fechamento do espa\u00e7o a\u00e9reo por pelo menos tr\u00eas dias, o grupo busca apoio do governo brasileiro para antecipar a volta. O prefeito de Jo\u00e3o Pessoa, C\u00edcero Lucena, teria feito um pedido oficial ao presidente da C\u00e2mara, Hugo Motta, para interceder junto ao governo federal.<\/p>\n<p>Na quarta-feira, N\u00e9lio Aguiar esteve em Haifa \u2014 a terceira maior cidade israelense \u2014 para reuni\u00f5es com representantes da Empresa Econ\u00f4mica de Haifa. O encontro teve como foco o desenvolvimento de parques industriais, tecnologias de seguran\u00e7a e inova\u00e7\u00e3o.<\/p>\n<p>&#8220;N\u00f3s conhecemos de perto projetos de alta tecnologia e visitamos o Centro de Controle e Monitoramento da cidade, al\u00e9m da renomada Universidade de Haifa&#8221;, destacou N\u00e9lio. Um dos destaques da universidade \u00e9 o Laborat\u00f3rio Religioso, projeto voltado ao di\u00e1logo inter-religioso e \u00e0 promo\u00e7\u00e3o da paz, que impressionou a comitiva pela abordagem de conviv\u00eancia entre diferentes cren\u00e7as.<\/p>\n<p>&#8220;Aqui, tecnologia, diversidade e toler\u00e2ncia caminham juntas rumo ao desenvolvimento. Um verdadeiro aprendizado&#8221;, disse o secret\u00e1rio.<\/p>\n<p>A visita ocorre em um momento de forte tens\u00e3o no Oriente M\u00e9dio. Embora N\u00e9lio n\u00e3o tenha detalhado a origem do alerta de evacua\u00e7\u00e3o, ele citou o contexto regional: \u201cOs pa\u00edses vizinhos t\u00eam conflitos com o Ir\u00e3, que possui armas nucleares. Isso eleva o n\u00edvel de inseguran\u00e7a e instabilidade. H\u00e1 muita gente com interesse em derrubar o regime iraniano, e isso impacta diretamente Israel\u201d.<\/p>\n","protected":false},"excerpt":{"rendered":"<p>Total de Visualiza\u00e7\u00f5es&nbsp;1,098&nbsp;total views, Visto hoje&nbsp;6&nbsp;views today Secret\u00e1rio regional de governo relata que at\u00e9 \u00e0s 13 horas, hor\u00e1rio de Israel,<\/p>\n","protected":false},"author":1,"featured_media":6507,"comment_status":"open","ping_status":"open","sticky":false,"template":"","format":"standard","meta":{"footnotes":""},"categories":[62],"tags":[],"_links":{"self":[{"href":"https:\/\/blogdobetinho.com\/index.php?rest_route=\/wp\/v2\/posts\/6506"}],"collection":[{"href":"https:\/\/blogdobetinho.com\/index.php?rest_route=\/wp\/v2\/posts"}],"about":[{"href":"https:\/\/blogdobetinho.com\/index.php?rest_route=\/wp\/v2\/types\/post"}],"author":[{"embeddable":true,"href":"https:\/\/blogdobetinho.com\/index.php?rest_route=\/wp\/v2\/users\/1"}],"replies":[{"embeddable":true,"href":"https:\/\/blogdobetinho.com\/index.php?rest_route=%2Fwp%2Fv2%2Fcomments&post=6506"}],"version-history":[{"count":1,"href":"https:\/\/blogdobetinho.com\/index.php?rest_route=\/wp\/v2\/posts\/6506\/revisions"}],"predecessor-version":[{"id":6508,"href":"https:\/\/blogdobetinho.com\/index.php?rest_route=\/wp\/v2\/posts\/6506\/revisions\/6508"}],"wp:featuredmedia":[{"embeddable":true,"href":"https:\/\/blogdobetinho.com\/index.php?rest_route=\/wp\/v2\/media\/6507"}],"wp:attachment":[{"href":"https:\/\/blogdobetinho.com\/index.php?rest_route=%2Fwp%2Fv2%2Fmedia&parent=6506"}],"wp:term":[{"taxonomy":"category","embeddable":true,"href":"https:\/\/blogdobetinho.com\/index.php?rest_route=%2Fwp%2Fv2%2Fcategories&post=6506"},{"taxonomy":"post_tag","embeddable":true,"href":"https:\/\/blogdobetinho.com\/index.php?rest_route=%2Fwp%2Fv2%2Ftags&post=6506"}],"curies":[{"name":"wp","href":"https:\/\/api.w.org\/{rel}","templated":true}]}}