{"id":6500,"date":"2025-05-28T11:11:59","date_gmt":"2025-05-28T14:11:59","guid":{"rendered":"https:\/\/blogdobetinho.com\/?p=6500"},"modified":"2025-05-28T11:11:59","modified_gmt":"2025-05-28T14:11:59","slug":"sala-do-empreendedor-oferece-atendimentos-durante-a-16a-edicao-da-semana-do-mei","status":"publish","type":"post","link":"https:\/\/blogdobetinho.com\/?p=6500","title":{"rendered":"Sala do Empreendedor oferece atendimentos durante a 16\u00aa edi\u00e7\u00e3o da Semana do MEI"},"content":{"rendered":"<div class=\"pvc_clear\"><\/div>\n<p class=\"pvc_stats all \" data-element-id=\"6500\" style=\"\"><i class=\"pvc-stats-icon medium\" aria-hidden=\"true\"><svg aria-hidden=\"true\" focusable=\"false\" data-prefix=\"far\" data-icon=\"chart-bar\" role=\"img\" xmlns=\"http:\/\/www.w3.org\/2000\/svg\" viewBox=\"0 0 512 512\" class=\"svg-inline--fa fa-chart-bar fa-w-16 fa-2x\"><path fill=\"currentColor\" d=\"M396.8 352h22.4c6.4 0 12.8-6.4 12.8-12.8V108.8c0-6.4-6.4-12.8-12.8-12.8h-22.4c-6.4 0-12.8 6.4-12.8 12.8v230.4c0 6.4 6.4 12.8 12.8 12.8zm-192 0h22.4c6.4 0 12.8-6.4 12.8-12.8V140.8c0-6.4-6.4-12.8-12.8-12.8h-22.4c-6.4 0-12.8 6.4-12.8 12.8v198.4c0 6.4 6.4 12.8 12.8 12.8zm96 0h22.4c6.4 0 12.8-6.4 12.8-12.8V204.8c0-6.4-6.4-12.8-12.8-12.8h-22.4c-6.4 0-12.8 6.4-12.8 12.8v134.4c0 6.4 6.4 12.8 12.8 12.8zM496 400H48V80c0-8.84-7.16-16-16-16H16C7.16 64 0 71.16 0 80v336c0 17.67 14.33 32 32 32h464c8.84 0 16-7.16 16-16v-16c0-8.84-7.16-16-16-16zm-387.2-48h22.4c6.4 0 12.8-6.4 12.8-12.8v-70.4c0-6.4-6.4-12.8-12.8-12.8h-22.4c-6.4 0-12.8 6.4-12.8 12.8v70.4c0 6.4 6.4 12.8 12.8 12.8z\" class=\"\"><\/path><\/svg><\/i> Total de Visualiza\u00e7\u00f5es&nbsp;1,265&nbsp;total views, Visto hoje&nbsp;6&nbsp;views today<\/p>\n<div class=\"pvc_clear\"><\/div>\n<h5 style=\"font-weight: 600;\">Ailanda Tavares<\/h5>\n<p>Publicado em\u00a027\/05\/2025 17:18\u00a0&#8211;\u00a0Atualizado\u00a0h\u00e1 17 horas<\/p>\n<h6 style=\"font-weight: 600;\">Durante a Semana do MEI, os atendimentos ser\u00e3o refor\u00e7ados para garantir melhor atendimento aos microempreendedores individuais.<\/h6>\n<p style=\"text-align: justify;\">No per\u00edodo de 26 a 30 de maio, a Sala do Empreendedor, que funciona na Central de Atendimento ao Contribuinte (CAC), estar\u00e1 com atendimentos e programa\u00e7\u00f5es especiais que fazem parte da 16\u00aa edi\u00e7\u00e3o da Semana do Microempreendedor Individual (MEI), promovido pelo Servi\u00e7o Brasileiro de Apoio \u00e0s Micro e Pequenas Empresas (Sebrae), em parceria com a Prefeitura de Santar\u00e9m, por meio das secretarias Municipais de Desenvolvimento Econ\u00f4mico, Ind\u00fastria, Com\u00e9rcio, Inova\u00e7\u00e3o Desenvolvimento Econ\u00f4mico, Ind\u00fastria, Com\u00e9rcio, Inova\u00e7\u00e3o e Tecnologia (Semdec) e Finan\u00e7as (Sefin).<\/p>\n<p><img loading=\"lazy\" decoding=\"async\" class=\"wp-image-6501 aligncenter\" src=\"http:\/\/blogdobetinho.com\/wp-content\/uploads\/2025\/05\/rsf-7309-71RMTW-300x200.jpg\" alt=\"\" width=\"312\" height=\"208\" srcset=\"https:\/\/blogdobetinho.com\/wp-content\/uploads\/2025\/05\/rsf-7309-71RMTW-300x200.jpg 300w, https:\/\/blogdobetinho.com\/wp-content\/uploads\/2025\/05\/rsf-7309-71RMTW-1024x684.jpg 1024w, https:\/\/blogdobetinho.com\/wp-content\/uploads\/2025\/05\/rsf-7309-71RMTW-768x513.jpg 768w, https:\/\/blogdobetinho.com\/wp-content\/uploads\/2025\/05\/rsf-7309-71RMTW.jpg 1366w\" sizes=\"(max-width: 312px) 100vw, 312px\" \/><\/p>\n<p>O chefe do N\u00facleo de Atendimento ao Contribuinte, Betinho S\u00e1, explicou que a equipe est\u00e1 preparada para atender todas as situa\u00e7\u00f5es que agregam os pequenos neg\u00f3cios no munic\u00edpio. \u201cDurante a Semana do MEI, estamos com dois consultores do Sebrae aqui na Sala do Empreendedor, para poder dar a orienta\u00e7\u00e3o necess\u00e1ria. S\u00e3o pequenas atividades, mas que s\u00e3o importantes na economia do munic\u00edpio. Santar\u00e9m tem mais de 18 mil microempreendedores individuais. Ent\u00e3o, as pessoas procuram a Sala do Empreendedor para resolver suas demandas, suas d\u00favidas, qualquer que seja o servi\u00e7o que ele necessite no exerc\u00edcio da sua atividade\u201d.<\/p>\n<p><img loading=\"lazy\" decoding=\"async\" class=\"size-medium wp-image-6502 aligncenter\" src=\"http:\/\/blogdobetinho.com\/wp-content\/uploads\/2025\/05\/DQylw44pUKM1IQPPLcL31tKORMAtTBuZewa6UTwH-300x200.jpg\" alt=\"\" width=\"300\" height=\"200\" srcset=\"https:\/\/blogdobetinho.com\/wp-content\/uploads\/2025\/05\/DQylw44pUKM1IQPPLcL31tKORMAtTBuZewa6UTwH-300x200.jpg 300w, https:\/\/blogdobetinho.com\/wp-content\/uploads\/2025\/05\/DQylw44pUKM1IQPPLcL31tKORMAtTBuZewa6UTwH-1024x684.jpg 1024w, https:\/\/blogdobetinho.com\/wp-content\/uploads\/2025\/05\/DQylw44pUKM1IQPPLcL31tKORMAtTBuZewa6UTwH-768x513.jpg 768w, https:\/\/blogdobetinho.com\/wp-content\/uploads\/2025\/05\/DQylw44pUKM1IQPPLcL31tKORMAtTBuZewa6UTwH-1536x1025.jpg 1536w, https:\/\/blogdobetinho.com\/wp-content\/uploads\/2025\/05\/DQylw44pUKM1IQPPLcL31tKORMAtTBuZewa6UTwH-2048x1367.jpg 2048w\" sizes=\"(max-width: 300px) 100vw, 300px\" \/><\/p>\n<p style=\"font-weight: 400; text-align: justify;\">A titular da Sefin, Josilene Pinto, destacou como \u00e9 a parceria entre o governo municipal e Sebrae. \u201cTemos a Sala do Empreendedor, que \u00e9 fruto de uma parceria da Prefeitura com o SEBRAE, que j\u00e1 funciona h\u00e1 muitos anos. Temos agora a Semana do MEI, que vai ser voltada para atendimentos espec\u00edficos para quem \u00e9 MEI ou para quem tem o seu neg\u00f3cio e n\u00e3o \u00e9 formalizado ainda e gostaria de fazer a formaliza\u00e7\u00e3o. \u00c9 importante ressaltar que com o neg\u00f3cio formalizado, o microempreendedor consegue fazer empr\u00e9stimos para fazer investimentos e aumentar a demanda de oferta daquilo que tem. Quem procura a sala, vai tirar d\u00favidas com os profissionais do Sebrae e j\u00e1 aproveita para agilizar outros servi\u00e7os tamb\u00e9m\u201d.<\/p>\n<p><img loading=\"lazy\" decoding=\"async\" class=\"size-medium wp-image-6503 aligncenter\" src=\"http:\/\/blogdobetinho.com\/wp-content\/uploads\/2025\/05\/fXTYBohSdUa6HB0tKqXNMAxs6PFEaB4Awo89wJqs-300x200.jpg\" alt=\"\" width=\"300\" height=\"200\" srcset=\"https:\/\/blogdobetinho.com\/wp-content\/uploads\/2025\/05\/fXTYBohSdUa6HB0tKqXNMAxs6PFEaB4Awo89wJqs-300x200.jpg 300w, https:\/\/blogdobetinho.com\/wp-content\/uploads\/2025\/05\/fXTYBohSdUa6HB0tKqXNMAxs6PFEaB4Awo89wJqs-1024x684.jpg 1024w, https:\/\/blogdobetinho.com\/wp-content\/uploads\/2025\/05\/fXTYBohSdUa6HB0tKqXNMAxs6PFEaB4Awo89wJqs-768x513.jpg 768w, https:\/\/blogdobetinho.com\/wp-content\/uploads\/2025\/05\/fXTYBohSdUa6HB0tKqXNMAxs6PFEaB4Awo89wJqs-1536x1025.jpg 1536w, https:\/\/blogdobetinho.com\/wp-content\/uploads\/2025\/05\/fXTYBohSdUa6HB0tKqXNMAxs6PFEaB4Awo89wJqs-2048x1367.jpg 2048w\" sizes=\"(max-width: 300px) 100vw, 300px\" \/><\/p>\n<p style=\"font-weight: 400; text-align: justify;\">A Sala do Empreendedor \u00e9 um marco importante no fortalecimento do empreendedor de Santar\u00e9m, estimulando o desenvolvimento econ\u00f4mico local e a gera\u00e7\u00e3o de empregos. \u201cO espa\u00e7o conta com profissionais capacitados, prontos para prestarem orienta\u00e7\u00f5es sobre temas referentes a abertura de empresas, formaliza\u00e7\u00e3o, planejamento, gest\u00e3o financeira, acesso a cr\u00e9dito e demais assuntos relacionados ao empreendedorismo. Desta forma, a Prefeitura garante todo apoio aos empreendedores e empreendedoras de nossa cidade, disponibilizando corpo t\u00e9cnico e solu\u00e7\u00f5es que viabilizem o desenvolvimento dos pequenos neg\u00f3cios, assim, favorecendo a gera\u00e7\u00e3o de emprego e renda em nosso munic\u00edpio\u201d, finalizou o titular da Semdec, Michell Martins.<\/p>\n<p>&nbsp;<\/p>\n<p style=\"font-weight: 400;\">\n","protected":false},"excerpt":{"rendered":"<p>Total de Visualiza\u00e7\u00f5es&nbsp;1,265&nbsp;total views, Visto hoje&nbsp;6&nbsp;views today Ailanda Tavares Publicado em\u00a027\/05\/2025 17:18\u00a0&#8211;\u00a0Atualizado\u00a0h\u00e1 17 horas Durante a Semana do MEI, os<\/p>\n","protected":false},"author":1,"featured_media":6501,"comment_status":"open","ping_status":"open","sticky":false,"template":"","format":"standard","meta":{"footnotes":""},"categories":[61,66],"tags":[],"_links":{"self":[{"href":"https:\/\/blogdobetinho.com\/index.php?rest_route=\/wp\/v2\/posts\/6500"}],"collection":[{"href":"https:\/\/blogdobetinho.com\/index.php?rest_route=\/wp\/v2\/posts"}],"about":[{"href":"https:\/\/blogdobetinho.com\/index.php?rest_route=\/wp\/v2\/types\/post"}],"author":[{"embeddable":true,"href":"https:\/\/blogdobetinho.com\/index.php?rest_route=\/wp\/v2\/users\/1"}],"replies":[{"embeddable":true,"href":"https:\/\/blogdobetinho.com\/index.php?rest_route=%2Fwp%2Fv2%2Fcomments&post=6500"}],"version-history":[{"count":1,"href":"https:\/\/blogdobetinho.com\/index.php?rest_route=\/wp\/v2\/posts\/6500\/revisions"}],"predecessor-version":[{"id":6504,"href":"https:\/\/blogdobetinho.com\/index.php?rest_route=\/wp\/v2\/posts\/6500\/revisions\/6504"}],"wp:featuredmedia":[{"embeddable":true,"href":"https:\/\/blogdobetinho.com\/index.php?rest_route=\/wp\/v2\/media\/6501"}],"wp:attachment":[{"href":"https:\/\/blogdobetinho.com\/index.php?rest_route=%2Fwp%2Fv2%2Fmedia&parent=6500"}],"wp:term":[{"taxonomy":"category","embeddable":true,"href":"https:\/\/blogdobetinho.com\/index.php?rest_route=%2Fwp%2Fv2%2Fcategories&post=6500"},{"taxonomy":"post_tag","embeddable":true,"href":"https:\/\/blogdobetinho.com\/index.php?rest_route=%2Fwp%2Fv2%2Ftags&post=6500"}],"curies":[{"name":"wp","href":"https:\/\/api.w.org\/{rel}","templated":true}]}}