{"id":6472,"date":"2025-03-26T09:32:58","date_gmt":"2025-03-26T12:32:58","guid":{"rendered":"https:\/\/blogdobetinho.com\/?p=6472"},"modified":"2025-03-26T09:32:58","modified_gmt":"2025-03-26T12:32:58","slug":"iniciam-as-inscricoes-para-cursos-gratuitos-em-administracao-e-gestao-de-negocios","status":"publish","type":"post","link":"https:\/\/blogdobetinho.com\/?p=6472","title":{"rendered":"Iniciam as inscri\u00e7\u00f5es para cursos gratuitos em Administra\u00e7\u00e3o e Gest\u00e3o de Neg\u00f3cios"},"content":{"rendered":"<div class=\"pvc_clear\"><\/div>\n<p class=\"pvc_stats all \" data-element-id=\"6472\" style=\"\"><i class=\"pvc-stats-icon medium\" aria-hidden=\"true\"><svg aria-hidden=\"true\" focusable=\"false\" data-prefix=\"far\" data-icon=\"chart-bar\" role=\"img\" xmlns=\"http:\/\/www.w3.org\/2000\/svg\" viewBox=\"0 0 512 512\" class=\"svg-inline--fa fa-chart-bar fa-w-16 fa-2x\"><path fill=\"currentColor\" d=\"M396.8 352h22.4c6.4 0 12.8-6.4 12.8-12.8V108.8c0-6.4-6.4-12.8-12.8-12.8h-22.4c-6.4 0-12.8 6.4-12.8 12.8v230.4c0 6.4 6.4 12.8 12.8 12.8zm-192 0h22.4c6.4 0 12.8-6.4 12.8-12.8V140.8c0-6.4-6.4-12.8-12.8-12.8h-22.4c-6.4 0-12.8 6.4-12.8 12.8v198.4c0 6.4 6.4 12.8 12.8 12.8zm96 0h22.4c6.4 0 12.8-6.4 12.8-12.8V204.8c0-6.4-6.4-12.8-12.8-12.8h-22.4c-6.4 0-12.8 6.4-12.8 12.8v134.4c0 6.4 6.4 12.8 12.8 12.8zM496 400H48V80c0-8.84-7.16-16-16-16H16C7.16 64 0 71.16 0 80v336c0 17.67 14.33 32 32 32h464c8.84 0 16-7.16 16-16v-16c0-8.84-7.16-16-16-16zm-387.2-48h22.4c6.4 0 12.8-6.4 12.8-12.8v-70.4c0-6.4-6.4-12.8-12.8-12.8h-22.4c-6.4 0-12.8 6.4-12.8 12.8v70.4c0 6.4 6.4 12.8 12.8 12.8z\" class=\"\"><\/path><\/svg><\/i> Total de Visualiza\u00e7\u00f5es&nbsp;1,072&nbsp;total views, Visto hoje&nbsp;6&nbsp;views today<\/p>\n<div class=\"pvc_clear\"><\/div>\n<h5 style=\"font-weight: 600;\">Ailanda Tavares<\/h5>\n<p>Publicado em\u00a026\/03\/2025 08:25\u00a0&#8211;\u00a0Atualizado\u00a0h\u00e1 22 minutos<\/p>\n<h2 style=\"font-weight: 600; text-align: center;\">A iniciativa busca fortalecer a qualifica\u00e7\u00e3o profissional e impulsionar o desenvolvimento econ\u00f4mico local.<\/h2>\n<p>Iniciou hoje, 26, as inscri\u00e7\u00f5es para cursos gratuitos pelo Programa Capacita Santar\u00e9m. A iniciativa busca fortalecer a qualifica\u00e7\u00e3o profissional e impulsionar o desenvolvimento econ\u00f4mico local.<\/p>\n<p>A Prefeitura de Santar\u00e9m, por meio da Secretaria Municipal de Planejamento, Gest\u00e3o, Inova\u00e7\u00e3o e Tecnologia (SEMDEC), vai oferecer os cursos de No\u00e7\u00f5es de Administra\u00e7\u00e3o Profissionalizante e No\u00e7\u00f5es de Gest\u00e3o de Neg\u00f3cios e T\u00e9cnicas em Vendas.\u00a0\u00a0Os cursos s\u00e3o voltados para maiores de 16 anos que desejam ampliar seus conhecimentos.<\/p>\n<p>O coordenador do Programa Capacita Santar\u00e9m, Alan Sena, explica que v\u00e1rios cursos ser\u00e3o ofertados durante esse ano. \u201cO Programa Capacita Santar\u00e9m foi institu\u00eddo pela Lei 20.935\/2020, que possui como objetivo qualificar e capacitar a popula\u00e7\u00e3o em vulnerabilidade social bem como na vertente empreendedora, que \u00e9 contribuir com o desenvolvimento local. Em 2025, ser\u00e3o v\u00e1rios cursos ofertados, como secretariado, agente administrativo. Vale ressaltar, que estamos planejando para levar tamb\u00e9m os cursos para a \u00e1rea rural\u201d, explicou.<\/p>\n<p>As incric\u00e7\u00f5es encerram quando forem preechidas todas as vagas. Para se inscrever os interessados podem comparecer no pr\u00e9dio da Semdec, localizado na Rui Barbosa, 1491, Aldeia ou acessar os seguintes links:<\/p>\n<p><b><strong>No\u00e7\u00f5es de Administra\u00e7\u00e3o Profissionalizante:\u00a0<\/strong><\/b><\/p>\n<p>Hor\u00e1rio do curso: 9h \u00e0s 11h |\u00a0\u00a0Vagas: 40<\/p>\n<p><b><strong><a href=\"https:\/\/www.sympla.com.br\/evento\/curso-de-nocoes-de-administracao-profissionalizante\/2886668\">https:\/\/www.sympla.com.br\/evento\/curso-de-nocoes-de-administracao-profissionalizante\/2886668<\/a><\/strong><\/b><\/p>\n<p>&nbsp;<\/p>\n<p><b><strong>No\u00e7\u00f5es<\/strong><\/b>\u00a0<b><strong>de Gest\u00e3o de Neg\u00f3cios e T\u00e9cnicas em Vendas:<\/strong><\/b><\/p>\n<p>Hor\u00e1rio do curso: 12h \u00e0s 14h | Vagas: 40<\/p>\n<p><b><strong><a href=\"https:\/\/www.sympla.com.br\/evento\/curso-de-nocoes-de-gestao-de-negocios-e-tecnicas-em-vendas\/2886675\">https:\/\/www.sympla.com.br\/evento\/curso-de-nocoes-de-gestao-de-negocios-e-tecnicas-em-vendas\/2886675<\/a><\/strong><\/b><\/p>\n<p>&nbsp;<\/p>\n<p>Os cursos v\u00e3o iniciar dia 31 de mar\u00e7o e ser\u00e3o realizados\u00a0no pr\u00e9dio da SEMDEC.<\/p>\n<p>As aulas ser\u00e3o intensivas, com a dura\u00e7\u00e3o de uma semana. Os inscritos dever\u00e3o apresentar no primeiro dia de aula as c\u00f3pias do RG\/CPF e Comprovante de Resid\u00eancia.<\/p>\n","protected":false},"excerpt":{"rendered":"<p>Total de Visualiza\u00e7\u00f5es&nbsp;1,072&nbsp;total views, Visto hoje&nbsp;6&nbsp;views today Ailanda Tavares Publicado em\u00a026\/03\/2025 08:25\u00a0&#8211;\u00a0Atualizado\u00a0h\u00e1 22 minutos A iniciativa busca fortalecer a qualifica\u00e7\u00e3o<\/p>\n","protected":false},"author":1,"featured_media":6473,"comment_status":"open","ping_status":"open","sticky":false,"template":"","format":"standard","meta":{"footnotes":""},"categories":[66],"tags":[],"_links":{"self":[{"href":"https:\/\/blogdobetinho.com\/index.php?rest_route=\/wp\/v2\/posts\/6472"}],"collection":[{"href":"https:\/\/blogdobetinho.com\/index.php?rest_route=\/wp\/v2\/posts"}],"about":[{"href":"https:\/\/blogdobetinho.com\/index.php?rest_route=\/wp\/v2\/types\/post"}],"author":[{"embeddable":true,"href":"https:\/\/blogdobetinho.com\/index.php?rest_route=\/wp\/v2\/users\/1"}],"replies":[{"embeddable":true,"href":"https:\/\/blogdobetinho.com\/index.php?rest_route=%2Fwp%2Fv2%2Fcomments&post=6472"}],"version-history":[{"count":1,"href":"https:\/\/blogdobetinho.com\/index.php?rest_route=\/wp\/v2\/posts\/6472\/revisions"}],"predecessor-version":[{"id":6474,"href":"https:\/\/blogdobetinho.com\/index.php?rest_route=\/wp\/v2\/posts\/6472\/revisions\/6474"}],"wp:featuredmedia":[{"embeddable":true,"href":"https:\/\/blogdobetinho.com\/index.php?rest_route=\/wp\/v2\/media\/6473"}],"wp:attachment":[{"href":"https:\/\/blogdobetinho.com\/index.php?rest_route=%2Fwp%2Fv2%2Fmedia&parent=6472"}],"wp:term":[{"taxonomy":"category","embeddable":true,"href":"https:\/\/blogdobetinho.com\/index.php?rest_route=%2Fwp%2Fv2%2Fcategories&post=6472"},{"taxonomy":"post_tag","embeddable":true,"href":"https:\/\/blogdobetinho.com\/index.php?rest_route=%2Fwp%2Fv2%2Ftags&post=6472"}],"curies":[{"name":"wp","href":"https:\/\/api.w.org\/{rel}","templated":true}]}}