{"id":6414,"date":"2024-03-27T20:45:48","date_gmt":"2024-03-27T23:45:48","guid":{"rendered":"http:\/\/blogdobetinho.com\/?p=6414"},"modified":"2024-03-27T20:45:48","modified_gmt":"2024-03-27T23:45:48","slug":"semtur-entregara-premio-aos-destaques-do-turismo-em-santarem","status":"publish","type":"post","link":"https:\/\/blogdobetinho.com\/?p=6414","title":{"rendered":"Semtur entregar\u00e1 pr\u00eamio aos destaques do turismo em Santar\u00e9m"},"content":{"rendered":"<div class=\"pvc_clear\"><\/div>\n<p class=\"pvc_stats all \" data-element-id=\"6414\" style=\"\"><i class=\"pvc-stats-icon medium\" aria-hidden=\"true\"><svg aria-hidden=\"true\" focusable=\"false\" data-prefix=\"far\" data-icon=\"chart-bar\" role=\"img\" xmlns=\"http:\/\/www.w3.org\/2000\/svg\" viewBox=\"0 0 512 512\" class=\"svg-inline--fa fa-chart-bar fa-w-16 fa-2x\"><path fill=\"currentColor\" d=\"M396.8 352h22.4c6.4 0 12.8-6.4 12.8-12.8V108.8c0-6.4-6.4-12.8-12.8-12.8h-22.4c-6.4 0-12.8 6.4-12.8 12.8v230.4c0 6.4 6.4 12.8 12.8 12.8zm-192 0h22.4c6.4 0 12.8-6.4 12.8-12.8V140.8c0-6.4-6.4-12.8-12.8-12.8h-22.4c-6.4 0-12.8 6.4-12.8 12.8v198.4c0 6.4 6.4 12.8 12.8 12.8zm96 0h22.4c6.4 0 12.8-6.4 12.8-12.8V204.8c0-6.4-6.4-12.8-12.8-12.8h-22.4c-6.4 0-12.8 6.4-12.8 12.8v134.4c0 6.4 6.4 12.8 12.8 12.8zM496 400H48V80c0-8.84-7.16-16-16-16H16C7.16 64 0 71.16 0 80v336c0 17.67 14.33 32 32 32h464c8.84 0 16-7.16 16-16v-16c0-8.84-7.16-16-16-16zm-387.2-48h22.4c6.4 0 12.8-6.4 12.8-12.8v-70.4c0-6.4-6.4-12.8-12.8-12.8h-22.4c-6.4 0-12.8 6.4-12.8 12.8v70.4c0 6.4 6.4 12.8 12.8 12.8z\" class=\"\"><\/path><\/svg><\/i> Total de Visualiza\u00e7\u00f5es&nbsp;2,330&nbsp;total views, Visto hoje&nbsp;3&nbsp;views today<\/p>\n<div class=\"pvc_clear\"><\/div>\n<header>\n<div class=\"p-4\">\n<h4 class=\"p-4 text-lg italic text-center\"><em>A vota\u00e7\u00e3o acontece por voto popular e o pr\u00eamio ser\u00e1 entregue em uma cerim\u00f4nia no pr\u00f3ximo dia 04\/04, no audit\u00f3rio da Aces.<\/em><\/h4>\n<\/div>\n<\/header>\n<p><main class=\"p-4\"><\/p>\n<p style=\"text-align: justify;\">A Prefeitura de Santar\u00e9m, por meio da Secretaria Municipal de Turismo (Semtur) ir\u00e1 premiar em 10 categorias, os destaques no ramo do turismo do munic\u00edpio. A escolha est\u00e1 sendo feita atrav\u00e9s de voto popular e as categorias s\u00e3o: meios de hospedagem; ag\u00eancias de turismo; turismo de base comunit\u00e1ria; turismo de neg\u00f3cios; turismo gastron\u00f4mico; turismo de esportes; turismo n\u00e1utico; turismo cultural; mulheres no turismo e turismo de influ\u00eancia. Na ocasi\u00e3o, tamb\u00e9m, ser\u00e3o homenageados os eventos que mais levaram o nome de Santar\u00e9m para a m\u00eddia e nos evidenciaram como destino tur\u00edstico.<\/p>\n<p style=\"text-align: justify;\">O pr\u00eamio serve para fortalecer a imagem da cidade como destino tur\u00edstico, incentivando a qualidade dos servi\u00e7os, o empreendedorismo local e o engajamento da comunidade na promo\u00e7\u00e3o do turismo sustent\u00e1vel. Reconhecer e premiar por excel\u00eancia, identificando e premiando indiv\u00edduos, empresas, institui\u00e7\u00f5es que se destacaram e contribu\u00edram para o desenvolvimento do turismo em Santar\u00e9m, gerando renda e alavancando ainda mais nosso destino.<\/p>\n<p style=\"text-align: justify;\">Para o secret\u00e1rio de Turismo, Ala\u00e9rcio Cardoso, a gest\u00e3o do prefeito N\u00e9lio Aguiar tem buscado muitos investimentos e incentivos para o turismo santareno. Ala\u00e9rcio informa, tamb\u00e9m, que acontecer\u00e1 a 1\u00aa edi\u00e7\u00e3o do Pr\u00eamio Encontro das \u00c1guas.<\/p>\n<p style=\"text-align: justify;\">&#8220;Essa premia\u00e7\u00e3o j\u00e1 se encontrava, desde 2023, dentro do planejamento da Semtur, onde foi lan\u00e7ada a vota\u00e7\u00e3o popular na internet com nomes que se destacaram em diversos segmentos do turismo local. \u00c9 uma premia\u00e7\u00e3o in\u00e9dita que acontecer\u00e1 no dia 4 de abril, no audit\u00f3rio da ACES, onde essas pessoas e entidades ser\u00e3o homenageadas com um trof\u00e9u e um certificado pelo relevante servi\u00e7o prestado ao ramo do turismo e por alavancar Santar\u00e9m como destino tur\u00edstico&#8221;.<\/p>\n<p><img loading=\"lazy\" decoding=\"async\" class=\" wp-image-6415 aligncenter\" src=\"http:\/\/blogdobetinho.com\/wp-content\/uploads\/2024\/03\/0M3b3JXjSvqMx7NHzXc5XgQlN0009wInMlACX2MK-225x300.jpg\" alt=\"\" width=\"447\" height=\"596\" srcset=\"https:\/\/blogdobetinho.com\/wp-content\/uploads\/2024\/03\/0M3b3JXjSvqMx7NHzXc5XgQlN0009wInMlACX2MK-225x300.jpg 225w, https:\/\/blogdobetinho.com\/wp-content\/uploads\/2024\/03\/0M3b3JXjSvqMx7NHzXc5XgQlN0009wInMlACX2MK-768x1024.jpg 768w, https:\/\/blogdobetinho.com\/wp-content\/uploads\/2024\/03\/0M3b3JXjSvqMx7NHzXc5XgQlN0009wInMlACX2MK.jpg 1125w\" sizes=\"(max-width: 447px) 100vw, 447px\" \/><\/p>\n<p><\/main><strong>Regulamento<\/strong><\/p>\n<p style=\"text-align: justify;\">A concess\u00e3o dos pr\u00eamios obedecer\u00e1 \u00e0s seguintes fases:<\/p>\n<p style=\"text-align: justify;\">a) Inscri\u00e7\u00e3o: fase de recebimento das candidaturas de profissionais pelo google forms com links criados para este fim.<\/p>\n<p style=\"text-align: justify;\">b) Habilita\u00e7\u00e3o: fase de car\u00e1ter eliminat\u00f3rio que consiste na verifica\u00e7\u00e3o do atendimento \u00e0s informa\u00e7\u00f5es e da documenta\u00e7\u00e3o solicitada pelo edital.<\/p>\n<p style=\"text-align: justify;\">c) Recurso para a habilita\u00e7\u00e3o: fase de recebimento e julgamento de recursos para as propostas desabilitadas, em prazo determinado, assim como avalia\u00e7\u00e3o e publica\u00e7\u00e3o final das propostas habilitadas.<\/p>\n<p style=\"text-align: justify;\">d) Julgamento e sele\u00e7\u00e3o dos finalistas: an\u00e1lise e avalia\u00e7\u00e3o das propostas habilitadas, de car\u00e1ter merit\u00f3rio, classificat\u00f3rio e eliminat\u00f3rio.<\/p>\n<p style=\"text-align: justify;\">e) Recurso para a fase de julgamento: fase de recebimento e julgamento de recursos para as propostas que foram objeto de avalia\u00e7\u00e3o na Classifica\u00e7\u00e3o, em prazo determinado, assim como avalia\u00e7\u00e3o e publica\u00e7\u00e3o final das propostas classificadas ap\u00f3s o prazo de recurso.<\/p>\n<p style=\"text-align: justify;\">f) Vota\u00e7\u00e3o popular: fase na qual os profissionais finalistas, por categoria, ser\u00e3o submetidos \u00e0 vota\u00e7\u00e3o popular, realizada pela internet, para sele\u00e7\u00e3o e classifica\u00e7\u00e3o final dos profissionais premiados; e<\/p>\n<p style=\"text-align: justify;\">g) Cerim\u00f4nia de premia\u00e7\u00e3o: solenidade de premia\u00e7\u00e3o dos profissionais vencedores em suas categorias.<\/p>\n<p><img loading=\"lazy\" decoding=\"async\" class=\"alignnone size-medium wp-image-6416\" src=\"http:\/\/blogdobetinho.com\/wp-content\/uploads\/2024\/03\/d75aa50b-97f7-4bc5-992e-16128d152dd4-300x263.jpg\" alt=\"\" width=\"300\" height=\"263\" srcset=\"https:\/\/blogdobetinho.com\/wp-content\/uploads\/2024\/03\/d75aa50b-97f7-4bc5-992e-16128d152dd4-300x263.jpg 300w, https:\/\/blogdobetinho.com\/wp-content\/uploads\/2024\/03\/d75aa50b-97f7-4bc5-992e-16128d152dd4-768x673.jpg 768w, https:\/\/blogdobetinho.com\/wp-content\/uploads\/2024\/03\/d75aa50b-97f7-4bc5-992e-16128d152dd4.jpg 1022w\" sizes=\"(max-width: 300px) 100vw, 300px\" \/><\/p>\n<p>Vote no Link abaixo;<\/p>\n<p><a href=\"https:\/\/docs.google.com\/forms\/d\/e\/1FAIpQLSdHgabfYwJLQX9-BXIEdfnCsYjFa4_Y9cea01JBmsmMRE8zDA\/viewform\">https:\/\/docs.google.com\/forms\/d\/e\/1FAIpQLSdHgabfYwJLQX9-BXIEdfnCsYjFa4_Y9cea01JBmsmMRE8zDA\/viewform<\/a><\/p>\n","protected":false},"excerpt":{"rendered":"<p>Total de Visualiza\u00e7\u00f5es&nbsp;2,330&nbsp;total views, Visto hoje&nbsp;3&nbsp;views today A vota\u00e7\u00e3o acontece por voto popular e o pr\u00eamio ser\u00e1 entregue em uma<\/p>\n","protected":false},"author":2,"featured_media":6417,"comment_status":"open","ping_status":"open","sticky":false,"template":"","format":"standard","meta":{"footnotes":""},"categories":[66,57],"tags":[],"_links":{"self":[{"href":"https:\/\/blogdobetinho.com\/index.php?rest_route=\/wp\/v2\/posts\/6414"}],"collection":[{"href":"https:\/\/blogdobetinho.com\/index.php?rest_route=\/wp\/v2\/posts"}],"about":[{"href":"https:\/\/blogdobetinho.com\/index.php?rest_route=\/wp\/v2\/types\/post"}],"author":[{"embeddable":true,"href":"https:\/\/blogdobetinho.com\/index.php?rest_route=\/wp\/v2\/users\/2"}],"replies":[{"embeddable":true,"href":"https:\/\/blogdobetinho.com\/index.php?rest_route=%2Fwp%2Fv2%2Fcomments&post=6414"}],"version-history":[{"count":1,"href":"https:\/\/blogdobetinho.com\/index.php?rest_route=\/wp\/v2\/posts\/6414\/revisions"}],"predecessor-version":[{"id":6418,"href":"https:\/\/blogdobetinho.com\/index.php?rest_route=\/wp\/v2\/posts\/6414\/revisions\/6418"}],"wp:featuredmedia":[{"embeddable":true,"href":"https:\/\/blogdobetinho.com\/index.php?rest_route=\/wp\/v2\/media\/6417"}],"wp:attachment":[{"href":"https:\/\/blogdobetinho.com\/index.php?rest_route=%2Fwp%2Fv2%2Fmedia&parent=6414"}],"wp:term":[{"taxonomy":"category","embeddable":true,"href":"https:\/\/blogdobetinho.com\/index.php?rest_route=%2Fwp%2Fv2%2Fcategories&post=6414"},{"taxonomy":"post_tag","embeddable":true,"href":"https:\/\/blogdobetinho.com\/index.php?rest_route=%2Fwp%2Fv2%2Ftags&post=6414"}],"curies":[{"name":"wp","href":"https:\/\/api.w.org\/{rel}","templated":true}]}}