{"id":6404,"date":"2023-07-27T09:47:36","date_gmt":"2023-07-27T12:47:36","guid":{"rendered":"http:\/\/blogdobetinho.com\/?p=6404"},"modified":"2023-07-27T09:47:36","modified_gmt":"2023-07-27T12:47:36","slug":"inscricao-estadual-suspensa-por-debito-e-ilegal","status":"publish","type":"post","link":"https:\/\/blogdobetinho.com\/?p=6404","title":{"rendered":"Inscri\u00e7\u00e3o estadual suspensa por d\u00e9bito \u00e9 ilegal."},"content":{"rendered":"<div class=\"pvc_clear\"><\/div>\n<p class=\"pvc_stats all \" data-element-id=\"6404\" style=\"\"><i class=\"pvc-stats-icon medium\" aria-hidden=\"true\"><svg aria-hidden=\"true\" focusable=\"false\" data-prefix=\"far\" data-icon=\"chart-bar\" role=\"img\" xmlns=\"http:\/\/www.w3.org\/2000\/svg\" viewBox=\"0 0 512 512\" class=\"svg-inline--fa fa-chart-bar fa-w-16 fa-2x\"><path fill=\"currentColor\" d=\"M396.8 352h22.4c6.4 0 12.8-6.4 12.8-12.8V108.8c0-6.4-6.4-12.8-12.8-12.8h-22.4c-6.4 0-12.8 6.4-12.8 12.8v230.4c0 6.4 6.4 12.8 12.8 12.8zm-192 0h22.4c6.4 0 12.8-6.4 12.8-12.8V140.8c0-6.4-6.4-12.8-12.8-12.8h-22.4c-6.4 0-12.8 6.4-12.8 12.8v198.4c0 6.4 6.4 12.8 12.8 12.8zm96 0h22.4c6.4 0 12.8-6.4 12.8-12.8V204.8c0-6.4-6.4-12.8-12.8-12.8h-22.4c-6.4 0-12.8 6.4-12.8 12.8v134.4c0 6.4 6.4 12.8 12.8 12.8zM496 400H48V80c0-8.84-7.16-16-16-16H16C7.16 64 0 71.16 0 80v336c0 17.67 14.33 32 32 32h464c8.84 0 16-7.16 16-16v-16c0-8.84-7.16-16-16-16zm-387.2-48h22.4c6.4 0 12.8-6.4 12.8-12.8v-70.4c0-6.4-6.4-12.8-12.8-12.8h-22.4c-6.4 0-12.8 6.4-12.8 12.8v70.4c0 6.4 6.4 12.8 12.8 12.8z\" class=\"\"><\/path><\/svg><\/i> Total de Visualiza\u00e7\u00f5es&nbsp;4,062&nbsp;total views, Visto hoje&nbsp;3&nbsp;views today<\/p>\n<div class=\"pvc_clear\"><\/div>\n<h2 class=\"subtitulo\"><span style=\"color: #99cc00;\">A Secretaria de Estado da Fazenda do Estado do Par\u00e1 n\u00e3o pode suspender a Inscri\u00e7\u00e3o Estadual por falta de recolhimento de ICMS, se tem \u00e0 sua disposi\u00e7\u00e3o privil\u00e9gios para receber seus cr\u00e9ditos<\/span><\/h2>\n<p>A SEFA possui um arsenal de medidas para fazer valer seu direito do cr\u00e9dito, como protesto de CDA e Execu\u00e7\u00e3o Fiscal e outros meios legais. Para facilitar a seu favor, a Fazenda cria medidas arbitr\u00e1rias lan\u00e7ando m\u00e3o de san\u00e7\u00f5es pol\u00edticas, para for\u00e7ar o contribuinte a recolher de forma ilegal o d\u00e9bito.<\/p>\n<p>Esse tipo de situa\u00e7\u00e3o j\u00e1 vem h\u00e1 muito tempo e \u00e9 reprovada pela jurisprud\u00eancia, como as S\u00famulas n\u00ba. 70, 323 e 547, editadas pelo Supremo Tribunal Federal que t\u00eam as seguintes reda\u00e7\u00f5es:<\/p>\n<p>S\u00famula 70 &#8211; \u00c9 inadmiss\u00edvel a interdi\u00e7\u00e3o de estabelecimento como meio coercitivo para cobran\u00e7a de tributo.<\/p>\n<p>S\u00famula 323 &#8211; \u00c9 inadmiss\u00edvel a apreens\u00e3o de mercadorias como meio coercitivo para pagamento de tributo.<\/p>\n<p>S\u00famula 547 &#8211; N\u00e3o \u00e9 l\u00edcito a autoridade proibir que o contribuinte em d\u00e9bito adquira estampilhas, despache mercadorias nas alf\u00e2ndegas e exer\u00e7a suas atividades profissionais.<\/p>\n<p>Atualmente, a SEFA for\u00e7a o contribuinte com meios abusivos suspendendo a inscri\u00e7\u00e3o estadual, que tem resultado devastador nas opera\u00e7\u00f5es dos contribuintes, mesmo causando preju\u00edzo ao Estado, j\u00e1 que sem emiss\u00e3o de Nota Fiscal, o contribuinte n\u00e3o tem como recolher o ICMS.<\/p>\n<p>A medida judicial contra essa a\u00e7\u00e3o arbitr\u00e1ria da SEFA deve ser questionada junto a Justi\u00e7a para liberar a Inscri\u00e7\u00e3o e exigir puni\u00e7\u00e3o \u00e0 autoridade respons\u00e1vel, depois ingressar com a\u00e7\u00e3o de indeniza\u00e7\u00e3o pelos preju\u00edzos causados, j\u00e1 que o contribuinte sem emitir nota fiscal, deixa de gerar receita, de pagar suas obriga\u00e7\u00f5es fiscais, folha de pagamento de seus funcion\u00e1rios e demais obriga\u00e7\u00f5es.<\/p>\n<p>As S\u00famulas n\u00e3o s\u00e3o suficientes para a SEFA atender e respeitar, devendo o contribuinte promover reclama\u00e7\u00e3o junto ao Supremo Tribunal Federal para punir a autoridade que impede que o contribuinte exer\u00e7a suas atividades.<\/p>\n<p>Quando os documentos fiscais passaram a ser exigidos eletronicamente, a SEFA passou a usar desses meios para suspender a inscri\u00e7\u00e3o estadual do emitente ou do destinat\u00e1rio e se estiver suspensa, n\u00e3o vai poder emitir a nota fiscal de venda e de compra.<\/p>\n<p>O resultado dessa medida arbitr\u00e1ria provoca s\u00e9rios preju\u00edzos \u00e0s empresas, pois ficam impedidas de comprar e vender, o que, na pr\u00e1tica, impede o contribuinte de exercer sua atividade econ\u00f4mica.\u00a0<strong>A Fazenda P\u00fablica n\u00e3o pode utilizar-se de meio coercitivo de cobran\u00e7a de tributos.<\/strong><\/p>\n<p>\u00c9 importante alertar o contribuinte, que n\u00e3o deixem de exercer suas atividades pelo abuso de poder da autoridade respons\u00e1vel, se n\u00e3o pode emitir nota fiscal, promovam suas vendas atrav\u00e9s de recibo e se a SEFA autuar, os contribuintes devem procurar o Minist\u00e9rio P\u00fablico e Justi\u00e7a para exigir seus direitos, com ampla possibilidade de \u00eaxito.<\/p>\n<p>Se os contribuintes aceitarem a press\u00e3o sem questionar, haver\u00e1 aumento de press\u00e3o a partir de agora, mas \u00e9 importante destacar que h\u00e1 solu\u00e7\u00e3o administrativa e judicial para esse problema.<\/p>\n<p><strong>Admilton Almeida &#8211; Tributarista\/FGV<\/strong><\/p>\n","protected":false},"excerpt":{"rendered":"<p>Total de Visualiza\u00e7\u00f5es&nbsp;4,062&nbsp;total views, Visto hoje&nbsp;3&nbsp;views today A Secretaria de Estado da Fazenda do Estado do Par\u00e1 n\u00e3o pode suspender<\/p>\n","protected":false},"author":1,"featured_media":0,"comment_status":"open","ping_status":"open","sticky":false,"template":"","format":"standard","meta":{"footnotes":""},"categories":[53],"tags":[],"_links":{"self":[{"href":"https:\/\/blogdobetinho.com\/index.php?rest_route=\/wp\/v2\/posts\/6404"}],"collection":[{"href":"https:\/\/blogdobetinho.com\/index.php?rest_route=\/wp\/v2\/posts"}],"about":[{"href":"https:\/\/blogdobetinho.com\/index.php?rest_route=\/wp\/v2\/types\/post"}],"author":[{"embeddable":true,"href":"https:\/\/blogdobetinho.com\/index.php?rest_route=\/wp\/v2\/users\/1"}],"replies":[{"embeddable":true,"href":"https:\/\/blogdobetinho.com\/index.php?rest_route=%2Fwp%2Fv2%2Fcomments&post=6404"}],"version-history":[{"count":1,"href":"https:\/\/blogdobetinho.com\/index.php?rest_route=\/wp\/v2\/posts\/6404\/revisions"}],"predecessor-version":[{"id":6405,"href":"https:\/\/blogdobetinho.com\/index.php?rest_route=\/wp\/v2\/posts\/6404\/revisions\/6405"}],"wp:attachment":[{"href":"https:\/\/blogdobetinho.com\/index.php?rest_route=%2Fwp%2Fv2%2Fmedia&parent=6404"}],"wp:term":[{"taxonomy":"category","embeddable":true,"href":"https:\/\/blogdobetinho.com\/index.php?rest_route=%2Fwp%2Fv2%2Fcategories&post=6404"},{"taxonomy":"post_tag","embeddable":true,"href":"https:\/\/blogdobetinho.com\/index.php?rest_route=%2Fwp%2Fv2%2Ftags&post=6404"}],"curies":[{"name":"wp","href":"https:\/\/api.w.org\/{rel}","templated":true}]}}