{"id":6372,"date":"2023-03-29T08:16:09","date_gmt":"2023-03-29T11:16:09","guid":{"rendered":"http:\/\/blogdobetinho.com\/?p=6372"},"modified":"2023-03-29T08:16:09","modified_gmt":"2023-03-29T11:16:09","slug":"santarem-e-a-2a-melhor-cidade-para-empreender-no-para-e-40a-no-brasil","status":"publish","type":"post","link":"https:\/\/blogdobetinho.com\/?p=6372","title":{"rendered":"Santar\u00e9m \u00e9 a 2\u00aa melhor cidade para empreender no Par\u00e1 e 40\u00aa no Brasil"},"content":{"rendered":"<div class=\"pvc_clear\"><\/div>\n<p class=\"pvc_stats all \" data-element-id=\"6372\" style=\"\"><i class=\"pvc-stats-icon medium\" aria-hidden=\"true\"><svg aria-hidden=\"true\" focusable=\"false\" data-prefix=\"far\" data-icon=\"chart-bar\" role=\"img\" xmlns=\"http:\/\/www.w3.org\/2000\/svg\" viewBox=\"0 0 512 512\" class=\"svg-inline--fa fa-chart-bar fa-w-16 fa-2x\"><path fill=\"currentColor\" d=\"M396.8 352h22.4c6.4 0 12.8-6.4 12.8-12.8V108.8c0-6.4-6.4-12.8-12.8-12.8h-22.4c-6.4 0-12.8 6.4-12.8 12.8v230.4c0 6.4 6.4 12.8 12.8 12.8zm-192 0h22.4c6.4 0 12.8-6.4 12.8-12.8V140.8c0-6.4-6.4-12.8-12.8-12.8h-22.4c-6.4 0-12.8 6.4-12.8 12.8v198.4c0 6.4 6.4 12.8 12.8 12.8zm96 0h22.4c6.4 0 12.8-6.4 12.8-12.8V204.8c0-6.4-6.4-12.8-12.8-12.8h-22.4c-6.4 0-12.8 6.4-12.8 12.8v134.4c0 6.4 6.4 12.8 12.8 12.8zM496 400H48V80c0-8.84-7.16-16-16-16H16C7.16 64 0 71.16 0 80v336c0 17.67 14.33 32 32 32h464c8.84 0 16-7.16 16-16v-16c0-8.84-7.16-16-16-16zm-387.2-48h22.4c6.4 0 12.8-6.4 12.8-12.8v-70.4c0-6.4-6.4-12.8-12.8-12.8h-22.4c-6.4 0-12.8 6.4-12.8 12.8v70.4c0 6.4 6.4 12.8 12.8 12.8z\" class=\"\"><\/path><\/svg><\/i> Total de Visualiza\u00e7\u00f5es&nbsp;2,960&nbsp;total views, Visto hoje&nbsp;6&nbsp;views today<\/p>\n<div class=\"pvc_clear\"><\/div>\n<p style=\"text-align: justify;\">O munic\u00edpio de Santar\u00e9m \u00e9 a 2\u00aa melhor cidade para empreender no Par\u00e1 e a 40\u00aa no Brasil. Santar\u00e9m \u00e9 destaque ainda nos quesitos Ambiente regulat\u00f3rio &#8211; 15\u00ba, e Cultura empreendedora &#8211; 16\u00ba, ficando no top 20 nacional. A revela\u00e7\u00e3o \u00e9 do ranking geral do \u00cdndice de Cidades Empreendedoras (ICE) 2023, levantamento foi criado pela Endeavor e realizado pela Escola Nacional de Administra\u00e7\u00e3o P\u00fablica (Enap), divulgado nessa segunda-feira (27). Ao todo, foram avaliadas as 101 cidades mais populosas do pa\u00eds.<\/p>\n<p style=\"text-align: justify;\"><b><strong>O estudo revela que Santar\u00e9m se consolida como uma cidade atrativa para os neg\u00f3cios e um importante polo de desenvolvimento no estado do Par\u00e1.<\/strong><\/b><\/p>\n<p style=\"text-align: justify;\">\u201cEssa conquista representa um avan\u00e7o importante para a economia da cidade, que vem investindo em pol\u00edticas p\u00fablicas para incentivar o empreendedorismo\u201d, comemora o prefeito N\u00e9lio Aguiar.<\/p>\n<p style=\"text-align: justify;\">A coloca\u00e7\u00e3o na posi\u00e7\u00e3o de 40\u00aa no ranking nacional representa um avan\u00e7o de 23 posi\u00e7\u00f5es em rela\u00e7\u00e3o ao mesmo estudo realizado no ano passado. Santar\u00e9m ficou \u00e0 frente de importantes capitais do pa\u00eds.<\/p>\n<p style=\"text-align: justify;\">No ambiente de neg\u00f3cios dentro do Par\u00e1, Santar\u00e9m fica atr\u00e1s apenas de Marab\u00e1, cidade que recebe enorme volume de recursos oriundos da minera\u00e7\u00e3o.<\/p>\n<p style=\"text-align: justify;\">\u201cA nossa gest\u00e3o se engajou no fomento ao empreendedorismo. Fruto de uma pol\u00edtica de desburocratiza\u00e7\u00e3o, de cria\u00e7\u00e3o de facilidades para o pequeno, m\u00e9dio e grande empres\u00e1rio. Criamos a Sala do Empreendedor, que j\u00e1 realizou mais de 100 mil atendimentos\u201d, comentou N\u00e9lio Aguiar.<\/p>\n<p style=\"text-align: justify;\">No quesito \u2018Ambiente Regulat\u00f3rio, o ICE avalia o tempo dos processos, leis, regulamenta\u00e7\u00f5es, licenciamento e\u00a0quest\u00f5es burocr\u00e1ticas essenciais \u00e0 cria\u00e7\u00e3o e execu\u00e7\u00e3o do neg\u00f3cio. Santar\u00e9m ficou 15\u00ba no total de 101 cidades avaliadas.<\/p>\n<p style=\"text-align: justify;\">\u201cEssa conquista \u00e9 fruto de um processo. Quando come\u00e7amos a gest\u00e3o trabalhamos a desburocratiza\u00e7\u00e3o dessas atividades, temos at\u00e9 um decreto regulamentando. Criamos o licenciamento on line que mais que duplicou a movimenta\u00e7\u00e3o dos processos, haja vista o acesso f\u00e1cil e a simplicidade, oferecidas aos empreendedores\u201d, explica o prefeito N\u00e9lio.<\/p>\n<p style=\"text-align: justify;\">No item Cultura Empreendedora, Santar\u00e9m \u00e9 a 16\u00aa melhor para empreender. O ICE 2023 avaliou subdeterminantes: Iniciativa e Institui\u00e7\u00f5es.<\/p>\n<p style=\"text-align: justify;\">O Centro de Atendimento (CAC) e a Sala do Empreendedor foram de suma import\u00e2ncia para a alta avalia\u00e7\u00e3o de Santar\u00e9m.<\/p>\n<p style=\"text-align: justify;\">\u201cA Sala do Empreendedor apenas em seu primeiro ano de atua\u00e7\u00e3o, realizou mais de 40 mil atendimentos. Com a parceria do SEBRAE, a Sala oferta servi\u00e7os de emiss\u00e3o de alvar\u00e1s, taxas, certid\u00f5es, guias, nota fiscal avulsa, inscri\u00e7\u00e3o municipal de empresa, declara\u00e7\u00e3o anual (MEI), formaliza\u00e7\u00e3o de Microempreendedor Individual (MEI, informa\u00e7\u00f5es e orienta\u00e7\u00f5es sobre abertura, funcionamento e formaliza\u00e7\u00e3o de empresas, altera\u00e7\u00e3o de cadastro de empresa, entre outros\u201d, explica a secret\u00e1ria de Finan\u00e7as, Josilene Pinto.<\/p>\n<p style=\"text-align: justify;\">Aliado a isso, a Prefeitura de Santar\u00e9m, em parceria com o Sebrae realiza iniciativas como a Campanha Neg\u00f3cio Legal, para formaliza\u00e7\u00e3o de novos empreendedores e regulariza\u00e7\u00e3o de empresas.<\/p>\n<p style=\"text-align: justify;\">&#8220;Um dos principais requisitos para o desenvolvimento de uma cidade \u00e9 valorizar o empreendedorismo. Temos hoje uma Santar\u00e9m menos burocr\u00e1tica e com gest\u00e3o empreendedora com vis\u00e3o de futuro. Isso sem d\u00favida, contribui para que nossa cidade esteja sempre em destaque no cen\u00e1rio nacional, principalmente por termos uma gest\u00e3o p\u00fablica voltada a desburocratiza\u00e7\u00e3o e simplifica\u00e7\u00e3o dos neg\u00f3cios que s\u00e3o respons\u00e1veis pelo aquecimento da nossa economia&#8221;, ressalta Josilene.<\/p>\n<p style=\"text-align: justify;\">A gera\u00e7\u00e3o de empregos e novas obras s\u00e3o pontos positivos que essa conquista traz para a vida do cidad\u00e3o. A cidade tem passado por uma transforma\u00e7\u00e3o significativa nos \u00faltimos anos, com a constru\u00e7\u00e3o de novas empresas e com\u00e9rcios.<\/p>\n<p style=\"text-align: justify;\">Para o prefeito N\u00e9lio Aguiar, essa conquista \u00e9 fruto de muito trabalho e investimentos. &#8220;Estamos muito felizes com esse resultado. Sabemos que ainda temos muito trabalho pela frente, mas essa posi\u00e7\u00e3o no ranking mostra que estamos no caminho certo. Vamos continuar investindo em pol\u00edticas p\u00fablicas para incentivar o empreendedorismo local e gerar mais empregos para nossa popula\u00e7\u00e3o&#8221;, afirmou o prefeito N\u00e9lio, que j\u00e1 recebeu\u00a0 o Pr\u00eamio Prefeito Empreendedor.<\/p>\n<p style=\"text-align: justify;\">\n<p>&nbsp;<\/p>\n<h5 style=\"font-weight: 500;\">Alailson Muniz &#8211; PMS<\/h5>\n","protected":false},"excerpt":{"rendered":"<p>Total de Visualiza\u00e7\u00f5es&nbsp;2,960&nbsp;total views, Visto hoje&nbsp;6&nbsp;views today O munic\u00edpio de Santar\u00e9m \u00e9 a 2\u00aa melhor cidade para empreender no Par\u00e1<\/p>\n","protected":false},"author":1,"featured_media":6373,"comment_status":"open","ping_status":"open","sticky":false,"template":"","format":"standard","meta":{"footnotes":""},"categories":[61,66],"tags":[],"_links":{"self":[{"href":"https:\/\/blogdobetinho.com\/index.php?rest_route=\/wp\/v2\/posts\/6372"}],"collection":[{"href":"https:\/\/blogdobetinho.com\/index.php?rest_route=\/wp\/v2\/posts"}],"about":[{"href":"https:\/\/blogdobetinho.com\/index.php?rest_route=\/wp\/v2\/types\/post"}],"author":[{"embeddable":true,"href":"https:\/\/blogdobetinho.com\/index.php?rest_route=\/wp\/v2\/users\/1"}],"replies":[{"embeddable":true,"href":"https:\/\/blogdobetinho.com\/index.php?rest_route=%2Fwp%2Fv2%2Fcomments&post=6372"}],"version-history":[{"count":1,"href":"https:\/\/blogdobetinho.com\/index.php?rest_route=\/wp\/v2\/posts\/6372\/revisions"}],"predecessor-version":[{"id":6374,"href":"https:\/\/blogdobetinho.com\/index.php?rest_route=\/wp\/v2\/posts\/6372\/revisions\/6374"}],"wp:featuredmedia":[{"embeddable":true,"href":"https:\/\/blogdobetinho.com\/index.php?rest_route=\/wp\/v2\/media\/6373"}],"wp:attachment":[{"href":"https:\/\/blogdobetinho.com\/index.php?rest_route=%2Fwp%2Fv2%2Fmedia&parent=6372"}],"wp:term":[{"taxonomy":"category","embeddable":true,"href":"https:\/\/blogdobetinho.com\/index.php?rest_route=%2Fwp%2Fv2%2Fcategories&post=6372"},{"taxonomy":"post_tag","embeddable":true,"href":"https:\/\/blogdobetinho.com\/index.php?rest_route=%2Fwp%2Fv2%2Ftags&post=6372"}],"curies":[{"name":"wp","href":"https:\/\/api.w.org\/{rel}","templated":true}]}}