{"id":6361,"date":"2022-12-14T13:09:45","date_gmt":"2022-12-14T16:09:45","guid":{"rendered":"http:\/\/blogdobetinho.com\/?p=6361"},"modified":"2022-12-14T13:09:45","modified_gmt":"2022-12-14T16:09:45","slug":"ronan-agradece-apoio-na-gestao-da-camara-municipal-de-santarem","status":"publish","type":"post","link":"https:\/\/blogdobetinho.com\/?p=6361","title":{"rendered":"Ronan agradece apoio na gest\u00e3o da C\u00e2mara Municipal de Santar\u00e9m"},"content":{"rendered":"<div class=\"pvc_clear\"><\/div>\n<p class=\"pvc_stats all \" data-element-id=\"6361\" style=\"\"><i class=\"pvc-stats-icon medium\" aria-hidden=\"true\"><svg aria-hidden=\"true\" focusable=\"false\" data-prefix=\"far\" data-icon=\"chart-bar\" role=\"img\" xmlns=\"http:\/\/www.w3.org\/2000\/svg\" viewBox=\"0 0 512 512\" class=\"svg-inline--fa fa-chart-bar fa-w-16 fa-2x\"><path fill=\"currentColor\" d=\"M396.8 352h22.4c6.4 0 12.8-6.4 12.8-12.8V108.8c0-6.4-6.4-12.8-12.8-12.8h-22.4c-6.4 0-12.8 6.4-12.8 12.8v230.4c0 6.4 6.4 12.8 12.8 12.8zm-192 0h22.4c6.4 0 12.8-6.4 12.8-12.8V140.8c0-6.4-6.4-12.8-12.8-12.8h-22.4c-6.4 0-12.8 6.4-12.8 12.8v198.4c0 6.4 6.4 12.8 12.8 12.8zm96 0h22.4c6.4 0 12.8-6.4 12.8-12.8V204.8c0-6.4-6.4-12.8-12.8-12.8h-22.4c-6.4 0-12.8 6.4-12.8 12.8v134.4c0 6.4 6.4 12.8 12.8 12.8zM496 400H48V80c0-8.84-7.16-16-16-16H16C7.16 64 0 71.16 0 80v336c0 17.67 14.33 32 32 32h464c8.84 0 16-7.16 16-16v-16c0-8.84-7.16-16-16-16zm-387.2-48h22.4c6.4 0 12.8-6.4 12.8-12.8v-70.4c0-6.4-6.4-12.8-12.8-12.8h-22.4c-6.4 0-12.8 6.4-12.8 12.8v70.4c0 6.4 6.4 12.8 12.8 12.8z\" class=\"\"><\/path><\/svg><\/i> Total de Visualiza\u00e7\u00f5es&nbsp;2,039&nbsp;total views, Visto hoje&nbsp;6&nbsp;views today<\/p>\n<div class=\"pvc_clear\"><\/div>\n<p><span style=\"color: #0000ff;\"><em><strong><span style=\"text-decoration: underline;\">De acordo com Ronan, a parceria entre os vereadores foi essencial para que desenvolvesse uma gest\u00e3o aut\u00eantica e transparente.<\/span><\/strong><\/em><\/span><\/p>\n<p style=\"text-align: justify;\"><span data-contrast=\"none\"><img loading=\"lazy\" decoding=\"async\" class=\" wp-image-6362 aligncenter\" src=\"http:\/\/blogdobetinho.com\/wp-content\/uploads\/2022\/12\/RONAN-13-12-22-300x142.jpg\" alt=\"\" width=\"539\" height=\"255\" srcset=\"https:\/\/blogdobetinho.com\/wp-content\/uploads\/2022\/12\/RONAN-13-12-22-300x142.jpg 300w, https:\/\/blogdobetinho.com\/wp-content\/uploads\/2022\/12\/RONAN-13-12-22.jpg 712w\" sizes=\"(max-width: 539px) 100vw, 539px\" \/>Na sess\u00e3o ordin\u00e1ria da C\u00e2mara Municipal de Santar\u00e9m, na ter\u00e7a-feira (13) o presidente da Casa Ronan Liberal Jr (MDB) usou a tribuna para agradecer a confian\u00e7a e apoio dos parlamentares para o exerc\u00edcio do mandato \u00e0 frente do Poder Legislativo, que encerra no pr\u00f3ximo dia 31 de dezembro. De acordo com ele, a parceria entre os vereadores foi essencial para que desenvolvesse uma gest\u00e3o aut\u00eantica e transparente.<\/span><span data-ccp-props=\"{&quot;201341983&quot;:0,&quot;335551550&quot;:1,&quot;335551620&quot;:1,&quot;335559739&quot;:160,&quot;335559740&quot;:259}\">\u00a0<\/span><\/p>\n<p style=\"text-align: justify;\"><span data-ccp-props=\"{&quot;201341983&quot;:0,&quot;335551550&quot;:1,&quot;335551620&quot;:1,&quot;335559739&quot;:160,&quot;335559740&quot;:259}\">\u00a0<\/span><\/p>\n<p style=\"text-align: justify;\"><span data-contrast=\"none\">\u201cSou penhoradamente grato a todos voc\u00eas (vereadores) pela confian\u00e7a. E tenho certeza que, nada daquilo que foi realizado, daquilo que foi constru\u00eddo, daquilo que pudemos estar entregando para a comunidade santarena, seria poss\u00edvel sem essa constru\u00e7\u00e3o coletiva, essa gest\u00e3o compartilhada, com a discuss\u00e3o, com os debates, com as ideias e com as experi\u00eancias que todos voc\u00eas, atrav\u00e9s dos soberanos mandatos que vossas excel\u00eancias det\u00eam, por meio do voto da popula\u00e7\u00e3o\u201d, ressaltou.<\/span><span data-ccp-props=\"{&quot;201341983&quot;:0,&quot;335551550&quot;:1,&quot;335551620&quot;:1,&quot;335559739&quot;:160,&quot;335559740&quot;:259}\">\u00a0<\/span><\/p>\n<p style=\"text-align: justify;\"><span data-ccp-props=\"{&quot;201341983&quot;:0,&quot;335551550&quot;:1,&quot;335551620&quot;:1,&quot;335559739&quot;:160,&quot;335559740&quot;:259}\">\u00a0<\/span><\/p>\n<p style=\"text-align: justify;\"><span data-contrast=\"none\">Ronan Liberal tamb\u00e9m agradeceu o empenho da equipe de servidores da Casa, sob o comando da diretora Alene Cunha. \u201cE uma coisa que costumo dizer \u00e9 que os servidores dessa Casa s\u00e3o o maior patrim\u00f4nio deste Poder e que fazem acontecer tudo o que se produz nesse parlamento. Ent\u00e3o, gostaria de agradecer a todos pela paci\u00eancia e pedir perd\u00e3o por algum erro. Somos seres humanos e pass\u00edveis de erros. E ningu\u00e9m se engana mais do que aqueles que se consideram infal\u00edveis\u201d, enfatizou.<\/span><span data-ccp-props=\"{&quot;201341983&quot;:0,&quot;335551550&quot;:1,&quot;335551620&quot;:1,&quot;335559739&quot;:160,&quot;335559740&quot;:259}\">\u00a0<\/span><\/p>\n<p style=\"text-align: justify;\"><span data-ccp-props=\"{&quot;201341983&quot;:0,&quot;335551550&quot;:1,&quot;335551620&quot;:1,&quot;335559739&quot;:160,&quot;335559740&quot;:259}\">\u00a0<\/span><\/p>\n<p style=\"text-align: justify;\"><span data-contrast=\"none\">O presidente tamb\u00e9m reconheceu o trabalho de gest\u00f5es anteriores dos ex-vereadores Antonio Rocha (MDB) e Emir Aguiar (Uni\u00e3o Brasil) para a transpar\u00eancia na administra\u00e7\u00e3o que marca e orgulha o Poder Legislativo Municipal. \u201cReconhecidamente transparente pelo TCM e o maior ente de fiscaliza\u00e7\u00e3o da transpar\u00eancia p\u00fablica nacional, que deu a esta Casa o \u2018Selo Diamante de Transpar\u00eancia P\u00fablica\u2019. Ou seja, isso s\u00f3 foi poss\u00edvel pelo direcionamento que todos n\u00f3s, a cada dia, temos, n\u00e3o s\u00f3 como parlamentar, como representante da popula\u00e7\u00e3o, mas, principalmente, como cidad\u00e3o que exercemos nossa cidadania com atividade p\u00fablica e pol\u00edtica. E cada um de voc\u00eas \u00e9 part\u00edcipe direto de todo sucesso de tudo aquilo que esse Poder tem contribu\u00eddo com a sociedade santarena\u201d, destacou Ronan.<\/span><span data-ccp-props=\"{&quot;201341983&quot;:0,&quot;335551550&quot;:1,&quot;335551620&quot;:1,&quot;335559739&quot;:160,&quot;335559740&quot;:259}\">\u00a0<\/span><\/p>\n<p style=\"text-align: justify;\"><span data-ccp-props=\"{&quot;201341983&quot;:0,&quot;335551550&quot;:1,&quot;335551620&quot;:1,&quot;335559739&quot;:160,&quot;335559740&quot;:259}\">\u00a0<\/span><\/p>\n<p style=\"text-align: justify;\"><b><span data-contrast=\"none\">Futuro<\/span><\/b><span data-contrast=\"none\">\u00a0\u2013 O presidente encerrou desejando ao seu sucessor, S\u00edlvio Neto (Uni\u00e3o Brasil), que tomar\u00e1 posse na presid\u00eancia do Poder Legislativo no pr\u00f3ximo dia 1\u00ba de janeiro de 2023 para comandar a C\u00e2mara at\u00e9 o final desta Legislatura, em 2024, eleito no \u00faltimo dia 05 de dezembro. \u201cQue vossa excel\u00eancia (S\u00edlvio) tenha sabedoria, discernimento, paci\u00eancia, disposi\u00e7\u00e3o, energia para conduzir essa Casa no trilho da transpar\u00eancia, da \u00e9tica, e sempre voltada para o interesse p\u00fablico\u201d, finalizou.<\/span><span data-ccp-props=\"{&quot;201341983&quot;:0,&quot;335551550&quot;:1,&quot;335551620&quot;:1,&quot;335559739&quot;:160,&quot;335559740&quot;:259}\">\u00a0<\/span><\/p>\n<p style=\"text-align: justify;\"><span data-ccp-props=\"{&quot;201341983&quot;:0,&quot;335551550&quot;:1,&quot;335551620&quot;:1,&quot;335559739&quot;:160,&quot;335559740&quot;:259}\">\u00a0<\/span><\/p>\n<p><span data-contrast=\"auto\">Com informa\u00e7\u00f5es da Ascom\/CMS<\/span><span data-ccp-props=\"{&quot;201341983&quot;:0,&quot;335551550&quot;:6,&quot;335551620&quot;:6,&quot;335559739&quot;:160,&quot;335559740&quot;:259}\">\u00a0<\/span><\/p>\n<p><span data-contrast=\"auto\">Fonte: Portal Santar\u00e9m<\/span><span data-ccp-props=\"{&quot;201341983&quot;:0,&quot;335551550&quot;:6,&quot;335551620&quot;:6,&quot;335559739&quot;:160,&quot;335559740&quot;:259}\">\u00a0<\/span><\/p>\n","protected":false},"excerpt":{"rendered":"<p>Total de Visualiza\u00e7\u00f5es&nbsp;2,039&nbsp;total views, Visto hoje&nbsp;6&nbsp;views today De acordo com Ronan, a parceria entre os vereadores foi essencial para que<\/p>\n","protected":false},"author":1,"featured_media":6362,"comment_status":"open","ping_status":"open","sticky":false,"template":"","format":"standard","meta":{"footnotes":""},"categories":[54],"tags":[],"_links":{"self":[{"href":"https:\/\/blogdobetinho.com\/index.php?rest_route=\/wp\/v2\/posts\/6361"}],"collection":[{"href":"https:\/\/blogdobetinho.com\/index.php?rest_route=\/wp\/v2\/posts"}],"about":[{"href":"https:\/\/blogdobetinho.com\/index.php?rest_route=\/wp\/v2\/types\/post"}],"author":[{"embeddable":true,"href":"https:\/\/blogdobetinho.com\/index.php?rest_route=\/wp\/v2\/users\/1"}],"replies":[{"embeddable":true,"href":"https:\/\/blogdobetinho.com\/index.php?rest_route=%2Fwp%2Fv2%2Fcomments&post=6361"}],"version-history":[{"count":1,"href":"https:\/\/blogdobetinho.com\/index.php?rest_route=\/wp\/v2\/posts\/6361\/revisions"}],"predecessor-version":[{"id":6363,"href":"https:\/\/blogdobetinho.com\/index.php?rest_route=\/wp\/v2\/posts\/6361\/revisions\/6363"}],"wp:featuredmedia":[{"embeddable":true,"href":"https:\/\/blogdobetinho.com\/index.php?rest_route=\/wp\/v2\/media\/6362"}],"wp:attachment":[{"href":"https:\/\/blogdobetinho.com\/index.php?rest_route=%2Fwp%2Fv2%2Fmedia&parent=6361"}],"wp:term":[{"taxonomy":"category","embeddable":true,"href":"https:\/\/blogdobetinho.com\/index.php?rest_route=%2Fwp%2Fv2%2Fcategories&post=6361"},{"taxonomy":"post_tag","embeddable":true,"href":"https:\/\/blogdobetinho.com\/index.php?rest_route=%2Fwp%2Fv2%2Ftags&post=6361"}],"curies":[{"name":"wp","href":"https:\/\/api.w.org\/{rel}","templated":true}]}}