{"id":6272,"date":"2021-06-16T14:15:38","date_gmt":"2021-06-16T17:15:38","guid":{"rendered":"http:\/\/blogdobetinho.com\/?p=6272"},"modified":"2021-06-16T14:19:03","modified_gmt":"2021-06-16T17:19:03","slug":"governo-assina-decreto-que-institui-valor-de-terra-nua-no-estado","status":"publish","type":"post","link":"https:\/\/blogdobetinho.com\/?p=6272","title":{"rendered":"Governo assina decreto que institui valor de terra nua no Estado"},"content":{"rendered":"<div class=\"pvc_clear\"><\/div>\n<p class=\"pvc_stats all \" data-element-id=\"6272\" style=\"\"><i class=\"pvc-stats-icon medium\" aria-hidden=\"true\"><svg aria-hidden=\"true\" focusable=\"false\" data-prefix=\"far\" data-icon=\"chart-bar\" role=\"img\" xmlns=\"http:\/\/www.w3.org\/2000\/svg\" viewBox=\"0 0 512 512\" class=\"svg-inline--fa fa-chart-bar fa-w-16 fa-2x\"><path fill=\"currentColor\" d=\"M396.8 352h22.4c6.4 0 12.8-6.4 12.8-12.8V108.8c0-6.4-6.4-12.8-12.8-12.8h-22.4c-6.4 0-12.8 6.4-12.8 12.8v230.4c0 6.4 6.4 12.8 12.8 12.8zm-192 0h22.4c6.4 0 12.8-6.4 12.8-12.8V140.8c0-6.4-6.4-12.8-12.8-12.8h-22.4c-6.4 0-12.8 6.4-12.8 12.8v198.4c0 6.4 6.4 12.8 12.8 12.8zm96 0h22.4c6.4 0 12.8-6.4 12.8-12.8V204.8c0-6.4-6.4-12.8-12.8-12.8h-22.4c-6.4 0-12.8 6.4-12.8 12.8v134.4c0 6.4 6.4 12.8 12.8 12.8zM496 400H48V80c0-8.84-7.16-16-16-16H16C7.16 64 0 71.16 0 80v336c0 17.67 14.33 32 32 32h464c8.84 0 16-7.16 16-16v-16c0-8.84-7.16-16-16-16zm-387.2-48h22.4c6.4 0 12.8-6.4 12.8-12.8v-70.4c0-6.4-6.4-12.8-12.8-12.8h-22.4c-6.4 0-12.8 6.4-12.8 12.8v70.4c0 6.4 6.4 12.8 12.8 12.8z\" class=\"\"><\/path><\/svg><\/i> Total de Visualiza\u00e7\u00f5es&nbsp;4,759&nbsp;total views, Visto hoje&nbsp;9&nbsp;views today<\/p>\n<div class=\"pvc_clear\"><\/div>\n<h4 class=\"mb-3\"><span style=\"color: #0000ff;\">Medida deve facilitar a regulariza\u00e7\u00e3o fundi\u00e1ria de propriedades rurais dos produtores paraenses.<\/span><\/h4>\n<div class=\"linha_vertical_cinza\"><small class=\"ml-1\">15\/06\/2021 17h03 &#8211; Atualizada em 15\/06\/2021 17h34<\/small><\/div>\n<div>\n<p style=\"text-align: justify;\">O Governo do Par\u00e1 assinou nesta ter\u00e7a-feira (15), durante as atividades do 55\u00b0 Encontro Ruralista, decreto da resolu\u00e7\u00e3o que institui a Tabela de Refer\u00eancia do Valor da Terra Nua (VTN) no Estado. De forma pr\u00e1tica, a medida vai facilitar a regulariza\u00e7\u00e3o fundi\u00e1ria das propriedades rurais dos produtores paraenses, conforme a resolu\u00e7\u00e3o n\u00ba 001, de 18 de mar\u00e7o de 2021, do Conselho Estadual de Pol\u00edtica Agr\u00e1ria e Fundi\u00e1ria do Par\u00e1 (CEPAF). Devido \u00e0 pandemia da Covid-19, este ano o evento foi transmitido on-line.<\/p>\n<p style=\"text-align: justify;\">\u201cTemos dialogado para a constru\u00e7\u00e3o de a\u00e7\u00f5es voltadas para o agro a fim de potencializar a constru\u00e7\u00e3o do ambiente de investimento para o setor. O governo investe em parcerias com entidades que possuem legitimidade e capacidade para boa articula\u00e7\u00e3o pol\u00edtica junto \u00e0 gest\u00e3o do Governo, como o Iterpa, Sedap, Emater, para desburocratizar e atender \u00e0s demandas, ent\u00e3o, fiz quest\u00e3o de assinar a resolu\u00e7\u00e3o durante o encontro ruralista. O pequeno produtor precisa da aten\u00e7\u00e3o do Governo, o m\u00e9dio precisa de aux\u00edlio, e os grandes produtores de condi\u00e7\u00f5es para efetivar as a\u00e7\u00f5es necess\u00e1rias para o desenvolvimento do agro\u201d, destacou o governador Helder Barbalho, durante o evento na Federa\u00e7\u00e3o da Agricultura e Pecu\u00e1ria do Par\u00e1 (Faepa). Durante o discurso, o chefe do Executivo Estadual tamb\u00e9m informou que s\u00f3 este ano, o setor registrou cerca de cinco mil empregos, contemplando os 144 munic\u00edpios paraenses.<\/p>\n<p><img loading=\"lazy\" decoding=\"async\" class=\"wp-image-6274 aligncenter\" src=\"http:\/\/blogdobetinho.com\/wp-content\/uploads\/2021\/06\/up_ag_29075_ae656cc8-f27f-6d7d-041c-4da2dcbbce2d-300x200.jpg\" alt=\"\" width=\"594\" height=\"396\" srcset=\"https:\/\/blogdobetinho.com\/wp-content\/uploads\/2021\/06\/up_ag_29075_ae656cc8-f27f-6d7d-041c-4da2dcbbce2d-300x200.jpg 300w, https:\/\/blogdobetinho.com\/wp-content\/uploads\/2021\/06\/up_ag_29075_ae656cc8-f27f-6d7d-041c-4da2dcbbce2d-768x512.jpg 768w, https:\/\/blogdobetinho.com\/wp-content\/uploads\/2021\/06\/up_ag_29075_ae656cc8-f27f-6d7d-041c-4da2dcbbce2d.jpg 800w\" sizes=\"(max-width: 594px) 100vw, 594px\" \/><\/p>\n<p style=\"text-align: justify;\">Presidente do Instituto de Terras do Par\u00e1 (Iterpa), Bruno Kono destacou que o processo de regulariza\u00e7\u00e3o fundi\u00e1ria precisa de apoio de produtores e entidade rurais para se estabelecer. Ele fez quest\u00e3o de ressaltar o atual trabalho do Iterpa neste sentido. &#8220;Se n\u00e3o tiver apoio do setor produtivo, que \u00e9 uma agenda muito importante, que por tanto tempo ficou esquecida e n\u00e3o se entregava um servi\u00e7o p\u00fablico de regulariza\u00e7\u00e3o fundi\u00e1ria, n\u00f3s n\u00e3o t\u00ednhamos infraestrutura. Hoje o Iterpa tem estrutura para fazer o atendimento ao produtor rural, seja ele presencialmente ou qualquer lugar do Estado. Nosso pr\u00f3ximo passo \u00e9 fazer georreferenciamento por rob\u00f4, n\u00e3o vamos ficar mais ref\u00e9ns do subjetivismo operacional, teremos mais regras e ser\u00e3o dinamizadas&#8221;, disse o gestor.<\/p>\n<p style=\"text-align: justify;\">Para o secret\u00e1rio de Desenvolvimento Agropecu\u00e1rio e da Pesca, Alfredo Verdelho Neto, o decreto assinado pelo Governo do Estado vai facilitar a vida dos produtores rurais. \u201cO Valor da Terra Nua \u00e9 um anseio antigo para quantificar o valor das terras sem dono, e o Estado d\u00e1 um passo gigantesco para facilitar a regulariza\u00e7\u00e3o fundi\u00e1ria para o pequeno, m\u00e9dio e grande produtor\u201d, pontuou ele, destacando as principais a\u00e7\u00f5es da Sedap no Par\u00e1.<\/p>\n<p><img loading=\"lazy\" decoding=\"async\" class=\" wp-image-6275 aligncenter\" src=\"http:\/\/blogdobetinho.com\/wp-content\/uploads\/2021\/06\/up_ag_29075_9611de08-1eb7-1ce0-d792-2861e11c5ff3-300x200.jpg\" alt=\"\" width=\"569\" height=\"379\" srcset=\"https:\/\/blogdobetinho.com\/wp-content\/uploads\/2021\/06\/up_ag_29075_9611de08-1eb7-1ce0-d792-2861e11c5ff3-300x200.jpg 300w, https:\/\/blogdobetinho.com\/wp-content\/uploads\/2021\/06\/up_ag_29075_9611de08-1eb7-1ce0-d792-2861e11c5ff3-768x512.jpg 768w, https:\/\/blogdobetinho.com\/wp-content\/uploads\/2021\/06\/up_ag_29075_9611de08-1eb7-1ce0-d792-2861e11c5ff3.jpg 800w\" sizes=\"(max-width: 569px) 100vw, 569px\" \/><\/p>\n<div class=\"mt-4 txt_noticia\">\n<p style=\"text-align: justify;\">Acompanhando o governador durante a agenda, o secret\u00e1rio Extraordin\u00e1rio de Produ\u00e7\u00e3o do Par\u00e1, Giovanni Queiroz, disse que as novas tecnologias ajudam no processo de regulariza\u00e7\u00e3o fundi\u00e1ria. Ele tamb\u00e9m ressaltou a import\u00e2ncia do VTN para os produtores rurais paraenses. &#8220;N\u00e3o se alavanca a economia sem um primeiro passo, e o primeiro passo \u00e9 a regulariza\u00e7\u00e3o fundi\u00e1ria, e isso me deixou feliz. Com as novas tecnologias divulgadas pelo Iterpa e Emater, temos essa facilidade. Em rela\u00e7\u00e3o ao VTN, abre-se uma porta para o cr\u00e9dito, ou seja, para a produ\u00e7\u00e3o e gera\u00e7\u00e3o de emprego, renda e de qualidade de vida para o produtor rural. Essa a\u00e7\u00e3o vai libertar da pobreza de pessoas que vivem em cima de uma terra rica\u201d, ressaltou.<\/p>\n<p style=\"text-align: justify;\">Participaram da agenda ainda os deputados estaduais Igor Normando e Ant\u00f4nio Tonheiro.<\/p>\n<\/div>\n<div class=\"linha_vertical_cinza\" style=\"text-align: justify;\"><span class=\"ml-1\">Por Bruno Magno (CPH)<\/span><\/div>\n<\/div>\n","protected":false},"excerpt":{"rendered":"<p>Total de Visualiza\u00e7\u00f5es&nbsp;4,759&nbsp;total views, Visto hoje&nbsp;9&nbsp;views today Medida deve facilitar a regulariza\u00e7\u00e3o fundi\u00e1ria de propriedades rurais dos produtores paraenses. 15\/06\/2021<\/p>\n","protected":false},"author":1,"featured_media":6273,"comment_status":"open","ping_status":"open","sticky":false,"template":"","format":"standard","meta":{"footnotes":""},"categories":[53],"tags":[],"_links":{"self":[{"href":"https:\/\/blogdobetinho.com\/index.php?rest_route=\/wp\/v2\/posts\/6272"}],"collection":[{"href":"https:\/\/blogdobetinho.com\/index.php?rest_route=\/wp\/v2\/posts"}],"about":[{"href":"https:\/\/blogdobetinho.com\/index.php?rest_route=\/wp\/v2\/types\/post"}],"author":[{"embeddable":true,"href":"https:\/\/blogdobetinho.com\/index.php?rest_route=\/wp\/v2\/users\/1"}],"replies":[{"embeddable":true,"href":"https:\/\/blogdobetinho.com\/index.php?rest_route=%2Fwp%2Fv2%2Fcomments&post=6272"}],"version-history":[{"count":2,"href":"https:\/\/blogdobetinho.com\/index.php?rest_route=\/wp\/v2\/posts\/6272\/revisions"}],"predecessor-version":[{"id":6277,"href":"https:\/\/blogdobetinho.com\/index.php?rest_route=\/wp\/v2\/posts\/6272\/revisions\/6277"}],"wp:featuredmedia":[{"embeddable":true,"href":"https:\/\/blogdobetinho.com\/index.php?rest_route=\/wp\/v2\/media\/6273"}],"wp:attachment":[{"href":"https:\/\/blogdobetinho.com\/index.php?rest_route=%2Fwp%2Fv2%2Fmedia&parent=6272"}],"wp:term":[{"taxonomy":"category","embeddable":true,"href":"https:\/\/blogdobetinho.com\/index.php?rest_route=%2Fwp%2Fv2%2Fcategories&post=6272"},{"taxonomy":"post_tag","embeddable":true,"href":"https:\/\/blogdobetinho.com\/index.php?rest_route=%2Fwp%2Fv2%2Ftags&post=6272"}],"curies":[{"name":"wp","href":"https:\/\/api.w.org\/{rel}","templated":true}]}}