{"id":6011,"date":"2020-08-20T22:01:43","date_gmt":"2020-08-21T01:01:43","guid":{"rendered":"http:\/\/blogdobetinho.com\/?p=6011"},"modified":"2020-08-20T22:31:10","modified_gmt":"2020-08-21T01:31:10","slug":"comeca-hoje-emissao-on-line-de-alvara-para-evitar-filas-e-aglomeracoes","status":"publish","type":"post","link":"https:\/\/blogdobetinho.com\/?p=6011","title":{"rendered":"Come\u00e7a hoje emiss\u00e3o on line de Alvar\u00e1 para evitar filas e aglomera\u00e7\u00f5es"},"content":{"rendered":"<div class=\"pvc_clear\"><\/div>\n<p class=\"pvc_stats all \" data-element-id=\"6011\" style=\"\"><i class=\"pvc-stats-icon medium\" aria-hidden=\"true\"><svg aria-hidden=\"true\" focusable=\"false\" data-prefix=\"far\" data-icon=\"chart-bar\" role=\"img\" xmlns=\"http:\/\/www.w3.org\/2000\/svg\" viewBox=\"0 0 512 512\" class=\"svg-inline--fa fa-chart-bar fa-w-16 fa-2x\"><path fill=\"currentColor\" d=\"M396.8 352h22.4c6.4 0 12.8-6.4 12.8-12.8V108.8c0-6.4-6.4-12.8-12.8-12.8h-22.4c-6.4 0-12.8 6.4-12.8 12.8v230.4c0 6.4 6.4 12.8 12.8 12.8zm-192 0h22.4c6.4 0 12.8-6.4 12.8-12.8V140.8c0-6.4-6.4-12.8-12.8-12.8h-22.4c-6.4 0-12.8 6.4-12.8 12.8v198.4c0 6.4 6.4 12.8 12.8 12.8zm96 0h22.4c6.4 0 12.8-6.4 12.8-12.8V204.8c0-6.4-6.4-12.8-12.8-12.8h-22.4c-6.4 0-12.8 6.4-12.8 12.8v134.4c0 6.4 6.4 12.8 12.8 12.8zM496 400H48V80c0-8.84-7.16-16-16-16H16C7.16 64 0 71.16 0 80v336c0 17.67 14.33 32 32 32h464c8.84 0 16-7.16 16-16v-16c0-8.84-7.16-16-16-16zm-387.2-48h22.4c6.4 0 12.8-6.4 12.8-12.8v-70.4c0-6.4-6.4-12.8-12.8-12.8h-22.4c-6.4 0-12.8 6.4-12.8 12.8v70.4c0 6.4 6.4 12.8 12.8 12.8z\" class=\"\"><\/path><\/svg><\/i> Total de Visualiza\u00e7\u00f5es&nbsp;2,662&nbsp;total views, Visto hoje&nbsp;6&nbsp;views today<\/p>\n<div class=\"pvc_clear\"><\/div>\n<div id=\"wraper_images\" class=\"col-lg-12 col-sem-margem conteudo\">\n<p style=\"text-align: justify;\">A Secretaria de Gest\u00e3o, Or\u00e7amento e Finan\u00e7as (Semgof) disponibiliza, a partir desta quinta-feira (20), o servi\u00e7o de\u00a0<a href=\"http:\/\/alvara.santarem.pa.gov.br%20\/\" target=\"_blank\" rel=\"noopener noreferrer\">emiss\u00e3o\u00a0<em>on line<\/em>\u00a0do Alvar\u00e1 de Localiza\u00e7\u00e3o e Funcionamento<\/a>, facilitando a vida do contribuinte que n\u00e3o precisa mais se deslocar at\u00e9 a Central de Atendimento ao Contribuinte (CAC), para obter o documento. \u00c9 uma forma tamb\u00e9m de n\u00e3o aglomerar pessoas, para assim evitar o cont\u00e1gio pelo novo coronav\u00edrus (covid-19).<\/p>\n<p style=\"text-align: justify;\">No link Acesso Alvar\u00e1 Online <span class=\"w3cgWrapper w3cgAlignLeft\"><a class=\"imgGcLink\" href=\"http:\/\/www.agenciasantarem.com.br\/midias\/2020\/grandes\/up_ag_13166_2236b8fe-d66c-5fca-ec0b-75c6d7a48659.jpg\"><img loading=\"lazy\" decoding=\"async\" class=\"imGs4O0O8 alignleft\" title=\"Cr\u00e9dito: Divulga\u00e7\u00e3o\" src=\"http:\/\/www.agenciasantarem.com.br\/midias\/2020\/pequenas\/up_ag_13166_2236b8fe-d66c-5fca-ec0b-75c6d7a48659.jpg\" width=\"220\" height=\"240\" \/><\/a><\/span><a href=\"http:\/\/alvara.santarem.pa.gov.br\/\"> http:\/\/alvara.santarem.pa.gov.br <\/a>o contribuinte deve preencher o n\u00famero de Inscri\u00e7\u00e3o Municipal e inserir senha. No mesmo link tamb\u00e9m \u00e9 poss\u00edvel fazer a verifica\u00e7\u00e3o da autenticidade do documento, atrav\u00e9s do c\u00f3digo QR Code.<\/p>\n<p style=\"text-align: justify;\">De acordo com o chefe de Tributos da Prefeitura de Santar\u00e9m, Vilberto S\u00e1, para a emiss\u00e3o do documento o contribuinte deve primeiramente pagar a taxa de licen\u00e7a de localiza\u00e7\u00e3o e funcionamento.<\/p>\n<p style=\"text-align: justify;\">\u201cAgora o empres\u00e1rio ou contador respons\u00e1vel da empresa vai conseguir emitir a taxa de renova\u00e7\u00e3o do Alvar\u00e1 e acompanhar todo o processo de legaliza\u00e7\u00e3o e funcionamento da sua empresa, ou seja, se a atividade que a empresa exerce necessita de licen\u00e7a da Semma, da Vigil\u00e2ncia Sanit\u00e1ria ou do Corpo de\u00a0<span class=\"w3cgWrapper w3cgAlignLeft\"><a class=\"imgGcLink\" href=\"http:\/\/www.agenciasantarem.com.br\/midias\/2020\/grandes\/up_ag_13166_149488c7-4711-6264-191f-a138bb289596.jpg\"><img loading=\"lazy\" decoding=\"async\" class=\"imGs4O0O8 alignleft\" title=\"Cr\u00e9dito: Divulga\u00e7\u00e3o\" src=\"http:\/\/www.agenciasantarem.com.br\/midias\/2020\/pequenas\/up_ag_13166_149488c7-4711-6264-191f-a138bb289596.jpg\" width=\"221\" height=\"248\" data-wp-editing=\"1\" \/><\/a> <\/span>Bombeiros, ser\u00e1 acompanhada de forma virtual sem precisar o contribuinte ir at\u00e9 os \u00f3rg\u00e3os competentes. O empres\u00e1rio pode tamb\u00e9m anexar e solicitar informa\u00e7\u00f5es no pr\u00f3prio Portal de Servi\u00e7os que est\u00e1 dispon\u00edvel na plataforma da Prefeitura de Santar\u00e9m, para que possa licenciar a empresa em curto espa\u00e7o de tempo\u201d, explicou.<\/p>\n<p style=\"text-align: justify;\">A secret\u00e1ria de Finan\u00e7as, Josilene Pinto, destacou que administra\u00e7\u00e3o municipal tem investido em tecnologia para otimizar o trabalho do servidor p\u00fablico e melhorar o atendimento ao contribuinte.<\/p>\n<p style=\"text-align: justify;\">\u201cTemos trabalhado visando aprimorar cada vez mais a moderniza\u00e7\u00e3o do sistema de arrecada\u00e7\u00e3o da prefeitura de Santar\u00e9m. Facilitando assim o dia a dia dos contribuintes tornando os processos mais \u00e1geis e menos burocr\u00e1ticos\u201d, disse.<\/p>\n<p>Mais informa\u00e7\u00f5es: (93) 9206-8077 \/ (93) 3529-2923.<\/p>\n<\/div>\n<div>\n<p><strong>Acompanhe as a\u00e7\u00f5es da Prefeitura de Santar\u00e9m nas redes sociais:<\/strong><br \/>\n<strong>Facebook:\u00a0<\/strong><em><a href=\"https:\/\/pt-br.facebook.com\/prefeituradesantarem\/\" target=\"_blank\" rel=\"noopener noreferrer\">https:\/\/pt-br.facebook.com\/prefeituradesantarem\/<\/a><\/em><br \/>\n<strong>Instagram:<\/strong>\u00a0<em>@prefeituradesantarem<\/em><br \/>\n<strong>Youtube:<\/strong><em>\u00a0Canal da Prefeitura de Santar\u00e9m<\/em><\/p>\n<\/div>\n<div id=\"creditos_texto2\" class=\"fonte12 col-lg-12 col-sem-margem\"><span id=\"Span1\">Gleicy Lira<\/span>\u00a0Ag\u00eancia Santar\u00e9m<\/div>\n","protected":false},"excerpt":{"rendered":"<p>Total de Visualiza\u00e7\u00f5es&nbsp;2,662&nbsp;total views, Visto hoje&nbsp;6&nbsp;views today A Secretaria de Gest\u00e3o, Or\u00e7amento e Finan\u00e7as (Semgof) disponibiliza, a partir desta quinta-feira<\/p>\n","protected":false},"author":1,"featured_media":6012,"comment_status":"open","ping_status":"open","sticky":false,"template":"","format":"standard","meta":{"footnotes":""},"categories":[66],"tags":[],"_links":{"self":[{"href":"https:\/\/blogdobetinho.com\/index.php?rest_route=\/wp\/v2\/posts\/6011"}],"collection":[{"href":"https:\/\/blogdobetinho.com\/index.php?rest_route=\/wp\/v2\/posts"}],"about":[{"href":"https:\/\/blogdobetinho.com\/index.php?rest_route=\/wp\/v2\/types\/post"}],"author":[{"embeddable":true,"href":"https:\/\/blogdobetinho.com\/index.php?rest_route=\/wp\/v2\/users\/1"}],"replies":[{"embeddable":true,"href":"https:\/\/blogdobetinho.com\/index.php?rest_route=%2Fwp%2Fv2%2Fcomments&post=6011"}],"version-history":[{"count":3,"href":"https:\/\/blogdobetinho.com\/index.php?rest_route=\/wp\/v2\/posts\/6011\/revisions"}],"predecessor-version":[{"id":6014,"href":"https:\/\/blogdobetinho.com\/index.php?rest_route=\/wp\/v2\/posts\/6011\/revisions\/6014"}],"wp:featuredmedia":[{"embeddable":true,"href":"https:\/\/blogdobetinho.com\/index.php?rest_route=\/wp\/v2\/media\/6012"}],"wp:attachment":[{"href":"https:\/\/blogdobetinho.com\/index.php?rest_route=%2Fwp%2Fv2%2Fmedia&parent=6011"}],"wp:term":[{"taxonomy":"category","embeddable":true,"href":"https:\/\/blogdobetinho.com\/index.php?rest_route=%2Fwp%2Fv2%2Fcategories&post=6011"},{"taxonomy":"post_tag","embeddable":true,"href":"https:\/\/blogdobetinho.com\/index.php?rest_route=%2Fwp%2Fv2%2Ftags&post=6011"}],"curies":[{"name":"wp","href":"https:\/\/api.w.org\/{rel}","templated":true}]}}