{"id":5999,"date":"2020-08-15T20:54:25","date_gmt":"2020-08-15T23:54:25","guid":{"rendered":"http:\/\/blogdobetinho.com\/?p=5999"},"modified":"2020-08-15T20:55:53","modified_gmt":"2020-08-15T23:55:53","slug":"dispensa-de-alvara-para-microempreendedor-entra-em-vigor-em-setembro","status":"publish","type":"post","link":"https:\/\/blogdobetinho.com\/?p=5999","title":{"rendered":"Dispensa de alvar\u00e1 para microempreendedor entra em vigor em setembro"},"content":{"rendered":"<div class=\"pvc_clear\"><\/div>\n<p class=\"pvc_stats all \" data-element-id=\"5999\" style=\"\"><i class=\"pvc-stats-icon medium\" aria-hidden=\"true\"><svg aria-hidden=\"true\" focusable=\"false\" data-prefix=\"far\" data-icon=\"chart-bar\" role=\"img\" xmlns=\"http:\/\/www.w3.org\/2000\/svg\" viewBox=\"0 0 512 512\" class=\"svg-inline--fa fa-chart-bar fa-w-16 fa-2x\"><path fill=\"currentColor\" d=\"M396.8 352h22.4c6.4 0 12.8-6.4 12.8-12.8V108.8c0-6.4-6.4-12.8-12.8-12.8h-22.4c-6.4 0-12.8 6.4-12.8 12.8v230.4c0 6.4 6.4 12.8 12.8 12.8zm-192 0h22.4c6.4 0 12.8-6.4 12.8-12.8V140.8c0-6.4-6.4-12.8-12.8-12.8h-22.4c-6.4 0-12.8 6.4-12.8 12.8v198.4c0 6.4 6.4 12.8 12.8 12.8zm96 0h22.4c6.4 0 12.8-6.4 12.8-12.8V204.8c0-6.4-6.4-12.8-12.8-12.8h-22.4c-6.4 0-12.8 6.4-12.8 12.8v134.4c0 6.4 6.4 12.8 12.8 12.8zM496 400H48V80c0-8.84-7.16-16-16-16H16C7.16 64 0 71.16 0 80v336c0 17.67 14.33 32 32 32h464c8.84 0 16-7.16 16-16v-16c0-8.84-7.16-16-16-16zm-387.2-48h22.4c6.4 0 12.8-6.4 12.8-12.8v-70.4c0-6.4-6.4-12.8-12.8-12.8h-22.4c-6.4 0-12.8 6.4-12.8 12.8v70.4c0 6.4 6.4 12.8 12.8 12.8z\" class=\"\"><\/path><\/svg><\/i> Total de Visualiza\u00e7\u00f5es&nbsp;1,981&nbsp;total views, Visto hoje&nbsp;9&nbsp;views today<\/p>\n<div class=\"pvc_clear\"><\/div>\n<div class=\"col-lg-12 mb-3\">\n<div class=\"row\">\n<h4 class=\"col-10 offset-1 animated fadeInDown dealy-1100 alt-font font-italic my-2 small text-info text-center\">Publicado em 13\/08\/2020 &#8211; 12:17 Por Kelly Oliveira \u2013 Rep\u00f3rter da Ag\u00eancia Brasil &#8211; Bras\u00edlia<\/h4>\n<\/div>\n<\/div>\n<div class=\"col-xl-7 offset-xl-1 col-lg-8 offset-lg-0 col-md-10 offset-md-1 mb-3\">\n<div class=\"post-item alt-font\">\n<div class=\"post-item-wrap\">\n<p style=\"text-align: justify;\">A abertura e o funcionamento de pequenos neg\u00f3cios no Brasil ser\u00e3o simplificados a partir de 1\u00ba de setembro. Foi\u00a0<span style=\"color: #ff0000;\"><a style=\"color: #ff0000;\" href=\"https:\/\/www.in.gov.br\/en\/web\/dou\/-\/resolucao-cgsim-n-59-de-12-de-agosto-de-2020-271970589\" target=\"_blank\" rel=\"noopener noreferrer\">publicada hoje (13) no\u00a0<em>Di\u00e1rio Oficial da Uni\u00e3o<\/em><\/a><\/span>\u00a0a resolu\u00e7\u00e3o, aprovada pelo Comit\u00ea para Gest\u00e3o da Rede Nacional para Simplifica\u00e7\u00e3o do Registro e da Legaliza\u00e7\u00e3o de Empresas e Neg\u00f3cios (CGSIM), que permite que microempreendedores individuais (MEIs) sejam dispensados de atos p\u00fablicos de libera\u00e7\u00e3o de atividades econ\u00f4micas relativas \u00e0 categoria.<img decoding=\"async\" src=\"https:\/\/agenciabrasil.ebc.com.br\/ebc.png?id=1313592&amp;o=node\" \/><img decoding=\"async\" src=\"https:\/\/agenciabrasil.ebc.com.br\/ebc.gif?id=1313592&amp;o=node\" \/><\/p>\n<p style=\"text-align: justify;\">Segundo o Minist\u00e9rio da Economia, a norma \u00e9 reflexo da\u00a0<span style=\"color: #ff0000;\"><a style=\"color: #ff0000;\" href=\"http:\/\/www.planalto.gov.br\/ccivil_03\/_ato2019-2022\/2019\/lei\/L13874.htm\" target=\"_blank\" rel=\"noopener noreferrer\">Lei de Liberdade Econ\u00f4mica<\/a><\/span>, em vigor desde setembro do ano passado, que visa tornar o ambiente de neg\u00f3cios no pa\u00eds mais simples e menos burocr\u00e1tico.<\/p>\n<p style=\"text-align: justify;\">Ap\u00f3s inscri\u00e7\u00e3o no\u00a0<span style=\"color: #ff0000;\"><a style=\"color: #ff0000;\" href=\"http:\/\/www.portaldoempreendedor.gov.br\/\" target=\"_blank\" rel=\"noopener noreferrer\">Portal do Empreendedor<\/a><\/span>, o candidato a MEI manifestar\u00e1 sua concord\u00e2ncia com o conte\u00fado do Termo de Ci\u00eancia e Responsabilidade com Efeito de Dispensa de Alvar\u00e1 de Licen\u00e7a de Funcionamento. O documento ser\u00e1 emitido eletronicamente e permite o exerc\u00edcio imediato de suas atividades.<\/p>\n<p style=\"text-align: justify;\">As fiscaliza\u00e7\u00f5es para verifica\u00e7\u00e3o dos requisitos de dispensa continuar\u00e3o a ser realizadas, mas o empreendedor n\u00e3o necessitar\u00e1 aguardar a visita dos agentes p\u00fablicos para abrir a empresa.<\/p>\n<h2 style=\"text-align: justify;\">Registro e Legaliza\u00e7\u00e3o de PJ<\/h2>\n<p style=\"text-align: justify;\">O comit\u00ea tamb\u00e9m\u00a0<span style=\"color: #ff0000;\"><a style=\"color: #ff0000;\" href=\"https:\/\/www.in.gov.br\/en\/web\/dou\/-\/resolucao-cgsim-n-61-de-12-agosto-de-2020-271970565\" target=\"_blank\" rel=\"noopener noreferrer\">aprovou medida relativa \u00e0 dispensa da pesquisa pr\u00e9via de viabilidade locacional<\/a><\/span>\u00a0quando a atividade realizada pelo empreendedor for exclusivamente digital. Al\u00e9m disso, a dispensa tamb\u00e9m valer\u00e1 para os casos em que o munic\u00edpio n\u00e3o responder a consulta de viabilidade de forma autom\u00e1tica e quando n\u00e3o for realizada no sistema das juntas comerciais.<\/p>\n<p style=\"text-align: justify;\">O colegiado decidiu tamb\u00e9m pela dispensa da pesquisa pr\u00e9via de nome para os empres\u00e1rios que optem pela utiliza\u00e7\u00e3o, apenas, do n\u00famero do Cadastro Nacional de Pessoa Jur\u00eddica (CNPJ) como nome empresarial. A norma pretende eliminar a possibilidade de coincid\u00eancia de nome no registro empresarial.<\/p>\n<p style=\"text-align: justify;\">Al\u00e9m disso, a medida possibilita uma coleta \u00fanica de dados nas juntas comerciais, propiciando ao empreendedor agilidade e simplicidade para abertura de empresas em um \u00fanico portal e de forma totalmente digital.<\/p>\n<h2 style=\"text-align: justify;\">Subcomit\u00eas nos estados<\/h2>\n<p style=\"text-align: justify;\">Outra\u00a0<span style=\"color: #ff0000;\"><a style=\"color: #ff0000;\" href=\"https:\/\/www.in.gov.br\/en\/web\/dou\/-\/resolucao-cgsim-n-60-de-12-de-agosto-de-2020-271970559\" target=\"_blank\" rel=\"noopener noreferrer\">resolu\u00e7\u00e3o aprovada pelo CGSIM<\/a><\/span>\u00a0regulamenta a cria\u00e7\u00e3o de subcomit\u00eas estaduais para estimular e desenvolver a\u00e7\u00f5es voltadas \u00e0 simplifica\u00e7\u00e3o e desburocratiza\u00e7\u00e3o do registro e legaliza\u00e7\u00e3o de empres\u00e1rios e pessoas jur\u00eddicas. A coordena\u00e7\u00e3o dos trabalhos caber\u00e1 ao presidente da Junta Comercial do estado ou do Distrito Federal.<\/p>\n<h2 style=\"text-align: justify;\">Bombeiros<\/h2>\n<p style=\"text-align: justify;\">O comit\u00ea tamb\u00e9m aprovou\u00a0<a href=\"https:\/\/www.in.gov.br\/en\/web\/dou\/-\/resolucao-cgsim-n-58-de-12-de-agosto-de-2020-271970555\" target=\"_blank\" rel=\"noopener noreferrer\"><span style=\"color: #ff0000;\">resolu\u00e7\u00e3o que institui a classifica\u00e7\u00e3o nacional de \u201cm\u00e9dio risco<\/span>\u201d<\/a>\u00a0para os corpos de Bombeiros. A medida possibilitar\u00e1 que a empresa, mediante autodeclara\u00e7\u00e3o de que cumpre os requisitos exigidos para preven\u00e7\u00e3o de inc\u00eandio, p\u00e2nico e emerg\u00eancias, possa funcionar sem a necessidade de vistoria pr\u00e9via.<\/p>\n<p style=\"text-align: justify;\">A nova classifica\u00e7\u00e3o de m\u00e9dio risco amplia o conceito de estabelecimentos com \u00e1rea constru\u00edda de at\u00e9 750 (metros quadrados) m\u00b2 para at\u00e9 930 m\u00b2. Para o Minist\u00e9rio da Economia, a mudan\u00e7a deve impactar na redu\u00e7\u00e3o no tempo de abertura de empresas e est\u00e1 alinhada com os par\u00e2metros adotados pelo\u00a0<em>ranking<\/em>\u00a0do relat\u00f3rio Doing Business do Banco Mundial. Esse relat\u00f3rio traz an\u00e1lises quantitativas de leis e regula\u00e7\u00f5es que dificultam ou facilitam as atividades de empresas nas economias.<\/p>\n<\/div>\n<p class=\"alt-font font-italic my-2 small text-info\" style=\"text-align: justify;\">Edi\u00e7\u00e3o: Fernando Fraga<\/p>\n<\/div>\n<\/div>\n","protected":false},"excerpt":{"rendered":"<p>Total de Visualiza\u00e7\u00f5es&nbsp;1,981&nbsp;total views, Visto hoje&nbsp;9&nbsp;views today Publicado em 13\/08\/2020 &#8211; 12:17 Por Kelly Oliveira \u2013 Rep\u00f3rter da Ag\u00eancia Brasil<\/p>\n","protected":false},"author":1,"featured_media":6000,"comment_status":"open","ping_status":"open","sticky":false,"template":"","format":"standard","meta":{"footnotes":""},"categories":[61],"tags":[],"_links":{"self":[{"href":"https:\/\/blogdobetinho.com\/index.php?rest_route=\/wp\/v2\/posts\/5999"}],"collection":[{"href":"https:\/\/blogdobetinho.com\/index.php?rest_route=\/wp\/v2\/posts"}],"about":[{"href":"https:\/\/blogdobetinho.com\/index.php?rest_route=\/wp\/v2\/types\/post"}],"author":[{"embeddable":true,"href":"https:\/\/blogdobetinho.com\/index.php?rest_route=\/wp\/v2\/users\/1"}],"replies":[{"embeddable":true,"href":"https:\/\/blogdobetinho.com\/index.php?rest_route=%2Fwp%2Fv2%2Fcomments&post=5999"}],"version-history":[{"count":2,"href":"https:\/\/blogdobetinho.com\/index.php?rest_route=\/wp\/v2\/posts\/5999\/revisions"}],"predecessor-version":[{"id":6002,"href":"https:\/\/blogdobetinho.com\/index.php?rest_route=\/wp\/v2\/posts\/5999\/revisions\/6002"}],"wp:featuredmedia":[{"embeddable":true,"href":"https:\/\/blogdobetinho.com\/index.php?rest_route=\/wp\/v2\/media\/6000"}],"wp:attachment":[{"href":"https:\/\/blogdobetinho.com\/index.php?rest_route=%2Fwp%2Fv2%2Fmedia&parent=5999"}],"wp:term":[{"taxonomy":"category","embeddable":true,"href":"https:\/\/blogdobetinho.com\/index.php?rest_route=%2Fwp%2Fv2%2Fcategories&post=5999"},{"taxonomy":"post_tag","embeddable":true,"href":"https:\/\/blogdobetinho.com\/index.php?rest_route=%2Fwp%2Fv2%2Ftags&post=5999"}],"curies":[{"name":"wp","href":"https:\/\/api.w.org\/{rel}","templated":true}]}}