{"id":5645,"date":"2020-02-25T13:15:07","date_gmt":"2020-02-25T16:15:07","guid":{"rendered":"http:\/\/blogdobetinho.com\/?p=5645"},"modified":"2020-02-25T13:15:07","modified_gmt":"2020-02-25T16:15:07","slug":"mela-mela-e-cara-limpa-animaram-milhares-de-folioes-em-alter-do-chao","status":"publish","type":"post","link":"https:\/\/blogdobetinho.com\/?p=5645","title":{"rendered":"\u2018Mela-mela\u2019 e \u2018Cara limpa\u2019 animaram milhares de foli\u00f5es em Alter do Ch\u00e3o"},"content":{"rendered":"<div class=\"pvc_clear\"><\/div>\n<p class=\"pvc_stats all \" data-element-id=\"5645\" style=\"\"><i class=\"pvc-stats-icon medium\" aria-hidden=\"true\"><svg aria-hidden=\"true\" focusable=\"false\" data-prefix=\"far\" data-icon=\"chart-bar\" role=\"img\" xmlns=\"http:\/\/www.w3.org\/2000\/svg\" viewBox=\"0 0 512 512\" class=\"svg-inline--fa fa-chart-bar fa-w-16 fa-2x\"><path fill=\"currentColor\" d=\"M396.8 352h22.4c6.4 0 12.8-6.4 12.8-12.8V108.8c0-6.4-6.4-12.8-12.8-12.8h-22.4c-6.4 0-12.8 6.4-12.8 12.8v230.4c0 6.4 6.4 12.8 12.8 12.8zm-192 0h22.4c6.4 0 12.8-6.4 12.8-12.8V140.8c0-6.4-6.4-12.8-12.8-12.8h-22.4c-6.4 0-12.8 6.4-12.8 12.8v198.4c0 6.4 6.4 12.8 12.8 12.8zm96 0h22.4c6.4 0 12.8-6.4 12.8-12.8V204.8c0-6.4-6.4-12.8-12.8-12.8h-22.4c-6.4 0-12.8 6.4-12.8 12.8v134.4c0 6.4 6.4 12.8 12.8 12.8zM496 400H48V80c0-8.84-7.16-16-16-16H16C7.16 64 0 71.16 0 80v336c0 17.67 14.33 32 32 32h464c8.84 0 16-7.16 16-16v-16c0-8.84-7.16-16-16-16zm-387.2-48h22.4c6.4 0 12.8-6.4 12.8-12.8v-70.4c0-6.4-6.4-12.8-12.8-12.8h-22.4c-6.4 0-12.8 6.4-12.8 12.8v70.4c0 6.4 6.4 12.8 12.8 12.8z\" class=\"\"><\/path><\/svg><\/i> Total de Visualiza\u00e7\u00f5es&nbsp;5,199&nbsp;total views, Visto hoje&nbsp;9&nbsp;views today<\/p>\n<div class=\"pvc_clear\"><\/div>\n<div id=\"wraper_images\" class=\"col-lg-12 col-sem-margem conteudo\">\n<p style=\"text-align: justify;\"><span class=\"w3cgWrapper w3cgAlignCenter\"><a class=\"imgGcLink\" href=\"http:\/\/www.agenciasantarem.com.br\/midias\/2020\/grandes\/6024_62c5ecf1-697a-eebf-4805-682c41353d19.jpg\"><img decoding=\"async\" class=\"imGs4O0O8 aligncenter\" title=\"Cr\u00e9dito: Bruno Ribeiro\" src=\"http:\/\/www.agenciasantarem.com.br\/midias\/2020\/medias\/6024_62c5ecf1-697a-eebf-4805-682c41353d19.jpg\" \/><\/a><span class=\"w3cgLegenda\">Mela-mela levou mais de 14 mil ao Lago dos Botos<\/span><\/span>O Santar\u00e9m Folia 2020 movimentou a vila balne\u00e1ria de Alter do Ch\u00e3o. Milhares de turistas e visitantes se divertiram com duas op\u00e7\u00f5es de folia: o Mela-mela e o Cara limpa, que j\u00e1 se tornaram tradi\u00e7\u00e3o nesses \u00faltimos tr\u00eas anos. O evento carnavalesco \u00e9 realizado pela Prefeitura de Santar\u00e9m, por meio da integra\u00e7\u00e3o de v\u00e1rias secret\u00e1rias municipais com participa\u00e7\u00e3o da coordena\u00e7\u00e3o e associa\u00e7\u00e3o da comunidade.\u00a0<strong><a href=\"http:\/\/www.agenciasantarem.com.br\/noticia\/9288\" target=\"_blank\" rel=\"noopener noreferrer\">A quadra carnavalesca iniciou no s\u00e1bado, 22, na Pra\u00e7a de Eventos.<\/a><\/strong><\/p>\n<p style=\"text-align: justify;\"><span class=\"w3cgWrapper w3cgAlignLeft\"><a class=\"imgGcLink\" href=\"http:\/\/www.agenciasantarem.com.br\/midias\/2020\/grandes\/6024_403b5c06-ab8e-fa6a-773f-6bd113904f91.jpg\"><img loading=\"lazy\" decoding=\"async\" class=\"imGs4O0O8 aligncenter\" title=\"Cr\u00e9dito: Bruno Ribeiro\" src=\"http:\/\/www.agenciasantarem.com.br\/midias\/2020\/pequenas\/6024_403b5c06-ab8e-fa6a-773f-6bd113904f91.jpg\" width=\"464\" height=\"310\" \/><\/a><span class=\"w3cgLegenda\">Cara Limpa foi op\u00e7\u00e3o para centenas de turistas na 7 de Setembro<\/span><\/span>Na Pra\u00e7a 7 de Setembro, o foli\u00e3o brincou o Cara-limpa. Uma op\u00e7\u00e3o de carnaval onde o foli\u00e3o dan\u00e7a bastante ao som de ritmos carnavalescos, entre outros, mas sem a brincadeira de jogar amido de milho nos participantes. A anima\u00e7\u00e3o ficou por conta dos blocos locais e da banda Au\u00ea.<\/p>\n<p style=\"text-align: justify;\">O empres\u00e1rio Jorge Alves era um foli\u00e3o bastante animado. Ele veio de S\u00e3o Paulo para Alter do Ch\u00e3o, especialmente para passar o carnaval. Ele escolheu o Cara-limpa para brincar com a fam\u00edlia.<\/p>\n<p style=\"text-align: justify;\">\u201cJ\u00e1 tinha ouvido falar bastante de Alter do Ch\u00e3o e tinha imensa vontade de visit\u00e1-la. Hoje, realizo um sonho com minha fam\u00edlia. O carnaval me deu essa oportunidade. As belezas naturais s\u00e3o inexplic\u00e1veis e junto com essa folia fica melhor ainda. O melhor carnaval de todos\u201d, disse o turista.<\/p>\n<p style=\"text-align: justify;\"><span class=\"w3cgWrapper w3cgAlignLeft\"><a class=\"imgGcLink\" href=\"http:\/\/www.agenciasantarem.com.br\/midias\/2020\/grandes\/6024_cfc99e2d-a2fd-5852-0221-71f9ff2f18bc.jpg\"><img decoding=\"async\" class=\"imGs4O0O8 aligncenter\" title=\"Cr\u00e9dito: Bruno Ribeiro\" src=\"http:\/\/www.agenciasantarem.com.br\/midias\/2020\/pequenas\/6024_cfc99e2d-a2fd-5852-0221-71f9ff2f18bc.jpg\" \/><\/a><\/span>J\u00e1 Mela-mela animou cerca de 14 mil foli\u00f5es no Lago dos Botos ao som das bandas Gui Estorad\u00e3o e Tapajoara. Foi op\u00e7\u00e3o de pular o carnaval, dan\u00e7ando e participando da brincadeira de jogar amido de milho e espuma nos amigos. Uma op\u00e7\u00e3o que se tornou tradi\u00e7\u00e3o.<\/p>\n<p style=\"text-align: justify;\">\u201cA gente se fantasia e vem munido de muita maisena e espuma para jogar nos foli\u00f5es, mas tudo na brincadeira. Ningu\u00e9m pode sair limpo do Mela-mela\u201d, explica o foli\u00e3o Mateus S\u00e1vio, que veio de Manaus para curtir o carnaval em Alter do Ch\u00e3o.<\/p>\n<p style=\"text-align: justify;\">O carnaval em Alter do Ch\u00e3o prossegue hoje, 24, com a anima\u00e7\u00e3o dos blocos locais e da banda Cintura Fina, na Pra\u00e7a 7 de setembro, o Cara Limpa. No Lago dos Botos, o Mela-mela ter\u00e1 a anima\u00e7\u00e3o das bandas Warilou e Amazon Beach, e o DJ Douglas Batid\u00e3o.<\/p>\n<p style=\"text-align: justify;\"><span class=\"w3cgWrapper w3cgAlignCenter\"><a class=\"imgGcLink\" href=\"http:\/\/www.agenciasantarem.com.br\/midias\/2020\/grandes\/6024_b32bef4e-1165-1c0b-a873-e0add82e5a6d.jpg\"><img decoding=\"async\" class=\"imGs4O0O8\" title=\"Cr\u00e9dito: Bruno Ribeiro\" src=\"http:\/\/www.agenciasantarem.com.br\/midias\/2020\/medias\/6024_b32bef4e-1165-1c0b-a873-e0add82e5a6d.jpg\" \/><\/a><\/span>\u201cO carnaval em Alter do Ch\u00e3o \u00e9 democr\u00e1tico. Voc\u00ea pode escolher o formato da brincadeira. J\u00e1 se tornou tradi\u00e7\u00e3o e convidamos todos para participarem hoje de mais um dia de festa\u201d, convida Luis Pixica, secret\u00e1rio municipal de Cultura.<\/p>\n<p style=\"text-align: justify;\">Para o prefeito N\u00e9lio Aguiar, o Mela-mela e o Cara Limpa j\u00e1 s\u00e3o patrim\u00f4nio da vila balne\u00e1ria. Ele destacou o sucesso da festa e a tranquilidade.<\/p>\n<p style=\"text-align: justify;\">\u201cUm modelo de carnaval que adotamos e foi aceito pela popula\u00e7\u00e3o. O resultado \u00e9 esse sucesso. Um carnaval com grande p\u00fablico, muita divers\u00e3o e muita seguran\u00e7a tamb\u00e9m. Com a ajuda das institui\u00e7\u00f5es de seguran\u00e7a e com seguran\u00e7a particular que contratamos, nossa quadra carnavalesca tem sido de divers\u00e3o e muita paz\u201d, disse o prefeito N\u00e9lio Aguiar.<\/p>\n<p style=\"text-align: justify;\">Amanh\u00e3, 25, o carnaval volta para a Pra\u00e7a de Eventos, com DJ Murilo Gon\u00e7alves, Banda Ricard\u00e3o e Banda Warilou.<\/p>\n<p><span class=\"w3cgWrapper w3cgAlignCenter\"><a class=\"imgGcLink\" href=\"http:\/\/www.agenciasantarem.com.br\/midias\/2020\/grandes\/6024_20f69cfa-6485-2744-177b-18e0033b1176.jpg\"><img decoding=\"async\" class=\"imGs4O0O8\" title=\"Cr\u00e9dito: Bruno Ribeiro\" src=\"http:\/\/www.agenciasantarem.com.br\/midias\/2020\/medias\/6024_20f69cfa-6485-2744-177b-18e0033b1176.jpg\" \/><\/a><span class=\"w3cgLegenda\">Praia da Ilha do Amor esteve bastante movimentada <\/span><\/span><\/p>\n<\/div>\n<div>\n<p><strong>Acompanhe as a\u00e7\u00f5es da Prefeitura de Santar\u00e9m nas redes sociais:<\/strong><br \/>\n<strong>Facebook:\u00a0<\/strong><em><a href=\"https:\/\/pt-br.facebook.com\/prefeituradesantarem\/\" target=\"_blank\" rel=\"noopener noreferrer\">https:\/\/pt-br.facebook.com\/prefeituradesantarem\/<\/a><\/em><br \/>\n<strong>Instagram:<\/strong>\u00a0<em>@prefeituradesantarem<\/em><br \/>\n<strong>Youtube:<\/strong><em>\u00a0Canal da Prefeitura de Santar\u00e9m<\/em><\/p>\n<\/div>\n<div id=\"creditos_texto2\" class=\"fonte12 col-lg-12 col-sem-margem\"><span id=\"Span1\">Alailson Muniz<\/span>\u00a0Ag\u00eancia Santar\u00e9m<\/div>\n","protected":false},"excerpt":{"rendered":"<p>Total de Visualiza\u00e7\u00f5es&nbsp;5,199&nbsp;total views, Visto hoje&nbsp;9&nbsp;views today Mela-mela levou mais de 14 mil ao Lago dos BotosO Santar\u00e9m Folia 2020<\/p>\n","protected":false},"author":1,"featured_media":5646,"comment_status":"open","ping_status":"open","sticky":false,"template":"","format":"standard","meta":{"footnotes":""},"categories":[62,64],"tags":[],"_links":{"self":[{"href":"https:\/\/blogdobetinho.com\/index.php?rest_route=\/wp\/v2\/posts\/5645"}],"collection":[{"href":"https:\/\/blogdobetinho.com\/index.php?rest_route=\/wp\/v2\/posts"}],"about":[{"href":"https:\/\/blogdobetinho.com\/index.php?rest_route=\/wp\/v2\/types\/post"}],"author":[{"embeddable":true,"href":"https:\/\/blogdobetinho.com\/index.php?rest_route=\/wp\/v2\/users\/1"}],"replies":[{"embeddable":true,"href":"https:\/\/blogdobetinho.com\/index.php?rest_route=%2Fwp%2Fv2%2Fcomments&post=5645"}],"version-history":[{"count":1,"href":"https:\/\/blogdobetinho.com\/index.php?rest_route=\/wp\/v2\/posts\/5645\/revisions"}],"predecessor-version":[{"id":5647,"href":"https:\/\/blogdobetinho.com\/index.php?rest_route=\/wp\/v2\/posts\/5645\/revisions\/5647"}],"wp:featuredmedia":[{"embeddable":true,"href":"https:\/\/blogdobetinho.com\/index.php?rest_route=\/wp\/v2\/media\/5646"}],"wp:attachment":[{"href":"https:\/\/blogdobetinho.com\/index.php?rest_route=%2Fwp%2Fv2%2Fmedia&parent=5645"}],"wp:term":[{"taxonomy":"category","embeddable":true,"href":"https:\/\/blogdobetinho.com\/index.php?rest_route=%2Fwp%2Fv2%2Fcategories&post=5645"},{"taxonomy":"post_tag","embeddable":true,"href":"https:\/\/blogdobetinho.com\/index.php?rest_route=%2Fwp%2Fv2%2Ftags&post=5645"}],"curies":[{"name":"wp","href":"https:\/\/api.w.org\/{rel}","templated":true}]}}