{"id":5487,"date":"2020-01-22T22:04:45","date_gmt":"2020-01-23T00:04:45","guid":{"rendered":"http:\/\/blogdobetinho.com\/?p=5487"},"modified":"2020-01-22T22:04:45","modified_gmt":"2020-01-23T00:04:45","slug":"sucesso-de-publico-o-humorista-epaminondas-gustavo-retorna-a-casa-da-cultura","status":"publish","type":"post","link":"https:\/\/blogdobetinho.com\/?p=5487","title":{"rendered":"Sucesso de p\u00fablico, o humorista Epaminondas Gustavo retorna \u00e0 Casa da Cultura"},"content":{"rendered":"<div class=\"pvc_clear\"><\/div>\n<p class=\"pvc_stats all \" data-element-id=\"5487\" style=\"\"><i class=\"pvc-stats-icon medium\" aria-hidden=\"true\"><svg aria-hidden=\"true\" focusable=\"false\" data-prefix=\"far\" data-icon=\"chart-bar\" role=\"img\" xmlns=\"http:\/\/www.w3.org\/2000\/svg\" viewBox=\"0 0 512 512\" class=\"svg-inline--fa fa-chart-bar fa-w-16 fa-2x\"><path fill=\"currentColor\" d=\"M396.8 352h22.4c6.4 0 12.8-6.4 12.8-12.8V108.8c0-6.4-6.4-12.8-12.8-12.8h-22.4c-6.4 0-12.8 6.4-12.8 12.8v230.4c0 6.4 6.4 12.8 12.8 12.8zm-192 0h22.4c6.4 0 12.8-6.4 12.8-12.8V140.8c0-6.4-6.4-12.8-12.8-12.8h-22.4c-6.4 0-12.8 6.4-12.8 12.8v198.4c0 6.4 6.4 12.8 12.8 12.8zm96 0h22.4c6.4 0 12.8-6.4 12.8-12.8V204.8c0-6.4-6.4-12.8-12.8-12.8h-22.4c-6.4 0-12.8 6.4-12.8 12.8v134.4c0 6.4 6.4 12.8 12.8 12.8zM496 400H48V80c0-8.84-7.16-16-16-16H16C7.16 64 0 71.16 0 80v336c0 17.67 14.33 32 32 32h464c8.84 0 16-7.16 16-16v-16c0-8.84-7.16-16-16-16zm-387.2-48h22.4c6.4 0 12.8-6.4 12.8-12.8v-70.4c0-6.4-6.4-12.8-12.8-12.8h-22.4c-6.4 0-12.8 6.4-12.8 12.8v70.4c0 6.4 6.4 12.8 12.8 12.8z\" class=\"\"><\/path><\/svg><\/i> Total de Visualiza\u00e7\u00f5es&nbsp;3,955&nbsp;total views, Visto hoje&nbsp;6&nbsp;views today<\/p>\n<div class=\"pvc_clear\"><\/div>\n<h4 class=\"margintop\"><span style=\"color: #666699;\"><strong>A renda da bilheteria ser\u00e1 voltada para a\u00e7\u00f5es de combate ao trabalho infantil<\/strong><\/span><\/h4>\n<div class=\"hidden-xs hidden-sm hiddem-md\">\n<div id=\"controle_letras\" class=\"pull-right\" style=\"text-align: justify;\">De Bel\u00e9m, o artista Epaminondas Gustavo vir\u00e1 com o espet\u00e1culo de stand up <em>Pra Viver de Rir<\/em>, neste s\u00e1bado (25), \u00e0s 20 horas. A atra\u00e7\u00e3o \u00e9 sucesso de p\u00fablico e foi apresentada pela primeira vez na Casa da Cultura, em maio do ano passado. Neste retorno promete novamente muitas gargalhadas. E algo mais que especial: a bilheteria ter\u00e1 o destino \u00fanico em arrecadar fundos para o combate ao trabalho infantil. Os ingressos s\u00e3o vendidos a R$ 20. A classifica\u00e7\u00e3o \u00e9 livre.<\/div>\n<\/div>\n<div id=\"wraper_images\" class=\"col-lg-12 col-sem-margem conteudo\">\n<p style=\"text-align: justify;\">\n<p style=\"text-align: justify;\"><em>Pra viver de rir<\/em>\u00a0\u00e9 show de humor no estilo stand-up de Epaminondas Gustavo, personagem do juiz de direito Cl\u00e1udio Rendeiro. A dire\u00e7\u00e3o do espet\u00e1culo \u00e9 de In\u00eas Ribeiro, com participa\u00e7\u00f5es especiais de artistas santarenos, o m\u00fasico e poeta Celson Lima e da cantora \u00c1dria G\u00f3es. Al\u00e9m da santarena e desembargadora Zu\u00edla Dutra. Ela e o humorista estar\u00e3o no palco em um momento de entrevista com Epaminondas Gustavo, no quadro denominado \u201cConfrenti com Epaminondas\u201d.<\/p>\n<p style=\"text-align: justify;\">O espet\u00e1culo recebe apoio da Prefeitura de Santar\u00e9m, por meio da Secretaria Municipal de Cultura (Semc). Toda a verba da bilheteria ser\u00e1 voltada \u00e0s a\u00e7\u00f5es de luta contra a explora\u00e7\u00e3o infantil, desenvolvidas pela Comiss\u00e3o de Combate ao Trabalho Infantil do Tribunal Regional do Trabalho da 8\u00aa Regi\u00e3o (TRT-8\u00aa).<\/p>\n<p style=\"text-align: justify;\">\u201cConvidamos a todos que tem um cora\u00e7\u00e3o solid\u00e1rio para rir conosco e ajudar em uma fundamental a\u00e7\u00e3o. \u00c9 um tema que precisa estar sempre em discuss\u00e3o, de enfrentamento, ajudando meninos e meninas a terem seus direitos respeitados\u201d, destacou a ju\u00edza do trabalho Vanilza Malcher, que tamb\u00e9m est\u00e1 na organiza\u00e7\u00e3o do evento.<\/p>\n<p style=\"text-align: justify;\"><em><strong>Sobre o personagem<\/strong><\/em><\/p>\n<p style=\"text-align: justify;\">Epaminondas come\u00e7ou como uma brincadeira do juiz Cl\u00e1udio Rendeiro, que gravava e divulgava hist\u00f3rias engra\u00e7adas, via WhatsApp, com o uso do vocabul\u00e1rio do caboclo do interior paraense. Os \u00e1udios ganharam grande repercuss\u00e3o. Epaminondas ganhou o palco em janeiro de 2017, no primeiro stand up comedy, que objetivou arrecadar recursos para a reforma do camarim e banheiros do Teatro Universit\u00e1rio Cl\u00e1udio Barradas, em Bel\u00e9m\/PA.<\/p>\n<p style=\"text-align: justify;\">A popula\u00e7\u00e3o j\u00e1 pode adquirir os ingressos, no valor de R$ 20,00, na Farm\u00e1cia Primavera 24h do Rio Tapaj\u00f3s Shopping, Farm\u00e1cia Primavera 24h do Bairro Cohab e na sede da OAB\/Subse\u00e7\u00e3o Santar\u00e9m. Mais informa\u00e7\u00f5es: (93) 99231-9912\/(93) 99122-2144.<\/p>\n<p><em><strong>Servi\u00e7o<\/strong><\/em><\/p>\n<p>O qu\u00ea ? \u00a0Stand-up \u201cPra viver de rir\u201d, com Epaminondas Gustavo<\/p>\n<p>Quando? 25 de janeiro de 2020 (s\u00e1bado)<\/p>\n<p>Local: Casa da Cultura de Santar\u00e9m<\/p>\n<p>Hora: 20h<\/p>\n<p>Classifica\u00e7\u00e3o: Livre<\/p>\n<p>Ingressos: R$ 20,00 \u2013 Farm\u00e1cia Primavera 24h do Rio Tapaj\u00f3s Shopping e do Bairro Cohab.<\/p>\n<p>Contatos: (93) 99231-9912\/(93) 99122-2144<\/p>\n<p><em>Texto: de Alciane Ayres &#8211; assessora de comunica\u00e7\u00e3o da Semc com a contribui\u00e7\u00e3o da Organiza\u00e7\u00e3o do espet\u00e1culo, \u201cPra Viver de Rir\u201d.<\/em><\/p>\n<p>Contato: (93) 99179-4634<\/p>\n<p>E-mail:\u00a0alcianeayres.jornalista@gmail.com<\/p>\n<\/div>\n<div>\n<p><strong>Acompanhe as a\u00e7\u00f5es da Prefeitura de Santar\u00e9m nas redes sociais:<\/strong><br \/>\n<strong>Facebook:\u00a0<\/strong><em><a href=\"https:\/\/pt-br.facebook.com\/prefeituradesantarem\/\" target=\"_blank\" rel=\"noopener noreferrer\">https:\/\/pt-br.facebook.com\/prefeituradesantarem\/<\/a><\/em><br \/>\n<strong>Instagram:<\/strong>\u00a0<em>@prefeituradesantarem<\/em><br \/>\n<strong>Youtube:<\/strong><em>\u00a0Canal da Prefeitura de Santar\u00e9m<\/em><\/p>\n<\/div>\n<div id=\"creditos_texto2\" class=\"fonte12 col-lg-12 col-sem-margem\"><span id=\"Span1\">Alciane Ayres<\/span>\u00a0Ag\u00eancia Santar\u00e9m<\/div>\n","protected":false},"excerpt":{"rendered":"<p>Total de Visualiza\u00e7\u00f5es&nbsp;3,955&nbsp;total views, Visto hoje&nbsp;6&nbsp;views today A renda da bilheteria ser\u00e1 voltada para a\u00e7\u00f5es de combate ao trabalho infantil<\/p>\n","protected":false},"author":1,"featured_media":5488,"comment_status":"open","ping_status":"open","sticky":false,"template":"","format":"standard","meta":{"footnotes":""},"categories":[62,64],"tags":[6],"_links":{"self":[{"href":"https:\/\/blogdobetinho.com\/index.php?rest_route=\/wp\/v2\/posts\/5487"}],"collection":[{"href":"https:\/\/blogdobetinho.com\/index.php?rest_route=\/wp\/v2\/posts"}],"about":[{"href":"https:\/\/blogdobetinho.com\/index.php?rest_route=\/wp\/v2\/types\/post"}],"author":[{"embeddable":true,"href":"https:\/\/blogdobetinho.com\/index.php?rest_route=\/wp\/v2\/users\/1"}],"replies":[{"embeddable":true,"href":"https:\/\/blogdobetinho.com\/index.php?rest_route=%2Fwp%2Fv2%2Fcomments&post=5487"}],"version-history":[{"count":1,"href":"https:\/\/blogdobetinho.com\/index.php?rest_route=\/wp\/v2\/posts\/5487\/revisions"}],"predecessor-version":[{"id":5489,"href":"https:\/\/blogdobetinho.com\/index.php?rest_route=\/wp\/v2\/posts\/5487\/revisions\/5489"}],"wp:featuredmedia":[{"embeddable":true,"href":"https:\/\/blogdobetinho.com\/index.php?rest_route=\/wp\/v2\/media\/5488"}],"wp:attachment":[{"href":"https:\/\/blogdobetinho.com\/index.php?rest_route=%2Fwp%2Fv2%2Fmedia&parent=5487"}],"wp:term":[{"taxonomy":"category","embeddable":true,"href":"https:\/\/blogdobetinho.com\/index.php?rest_route=%2Fwp%2Fv2%2Fcategories&post=5487"},{"taxonomy":"post_tag","embeddable":true,"href":"https:\/\/blogdobetinho.com\/index.php?rest_route=%2Fwp%2Fv2%2Ftags&post=5487"}],"curies":[{"name":"wp","href":"https:\/\/api.w.org\/{rel}","templated":true}]}}