{"id":500,"date":"2012-05-26T18:23:00","date_gmt":"2012-05-26T21:23:00","guid":{"rendered":"http:\/\/blogdobetinho.com\/2012\/05\/26\/santarem-celebra-vigilia-de\/"},"modified":"2019-12-09T20:39:24","modified_gmt":"2019-12-09T22:39:24","slug":"santarem-celebra-vigilia-de","status":"publish","type":"post","link":"https:\/\/blogdobetinho.com\/?p=500","title":{"rendered":"Santar\u00e9m celebra a Vig\u00edlia de Pentescostes"},"content":{"rendered":"<div class=\"pvc_clear\"><\/div>\n<p class=\"pvc_stats all \" data-element-id=\"500\" style=\"\"><i class=\"pvc-stats-icon medium\" aria-hidden=\"true\"><svg aria-hidden=\"true\" focusable=\"false\" data-prefix=\"far\" data-icon=\"chart-bar\" role=\"img\" xmlns=\"http:\/\/www.w3.org\/2000\/svg\" viewBox=\"0 0 512 512\" class=\"svg-inline--fa fa-chart-bar fa-w-16 fa-2x\"><path fill=\"currentColor\" d=\"M396.8 352h22.4c6.4 0 12.8-6.4 12.8-12.8V108.8c0-6.4-6.4-12.8-12.8-12.8h-22.4c-6.4 0-12.8 6.4-12.8 12.8v230.4c0 6.4 6.4 12.8 12.8 12.8zm-192 0h22.4c6.4 0 12.8-6.4 12.8-12.8V140.8c0-6.4-6.4-12.8-12.8-12.8h-22.4c-6.4 0-12.8 6.4-12.8 12.8v198.4c0 6.4 6.4 12.8 12.8 12.8zm96 0h22.4c6.4 0 12.8-6.4 12.8-12.8V204.8c0-6.4-6.4-12.8-12.8-12.8h-22.4c-6.4 0-12.8 6.4-12.8 12.8v134.4c0 6.4 6.4 12.8 12.8 12.8zM496 400H48V80c0-8.84-7.16-16-16-16H16C7.16 64 0 71.16 0 80v336c0 17.67 14.33 32 32 32h464c8.84 0 16-7.16 16-16v-16c0-8.84-7.16-16-16-16zm-387.2-48h22.4c6.4 0 12.8-6.4 12.8-12.8v-70.4c0-6.4-6.4-12.8-12.8-12.8h-22.4c-6.4 0-12.8 6.4-12.8 12.8v70.4c0 6.4 6.4 12.8 12.8 12.8z\" class=\"\"><\/path><\/svg><\/i> Total de Visualiza\u00e7\u00f5es&nbsp;1,759&nbsp;total views, Visto hoje&nbsp;3&nbsp;views today<\/p>\n<div class=\"pvc_clear\"><\/div>\n<h6 class=\"uiStreamMessage\" data-ft=\"{&quot;type&quot;:1,&quot;tn&quot;:&quot;K&quot;}\" style=\"background-color: white; margin: 0px 0px 5px; padding: 0px; text-align: left; word-break: break-word; word-wrap: break-word;\">\n<a ajaxify=\"https:\/\/www.facebook.com\/photo.php?fbid=412509308772097&amp;set=a.216139801742383.54767.100000390951975&amp;type=1&amp;ref=nf&amp;src=https%3A%2F%2Ffbcdn-sphotos-a.akamaihd.net%2Fhphotos-ak-prn1%2F526682_412509308772097_504564907_n.jpg&amp;size=333%2C200&amp;theater\" aria-label=\"Foto: Santar\u00e9m celebra a Vig\u00edlia de Pentescostes\n \nTudo pronto para a 4\u00aa Vig\u00edlia de Pentecostes na Diocese de Santar\u00e9m. O evento acontece neste s\u00e1bado, dia 26, no gin\u00e1sio do col\u00e9gio Dom Amando, com in\u00edcio \u00e0s 16h. O evento \u00e9 promovido pela Diocese de Santar\u00e9m. S\u00e3o convocados jovens de todas as par\u00f3quias e comunidades da cidade (crismandos, crismados dos grupos), orientadores de crisma e o povo em geral. A coordena\u00e7\u00e3o aguarda aproximadamente 1.500 pessoas. \nEste ano a Vig\u00edlia aborda o tema: \u201cVida e sa\u00fade para os povos da Amaz\u00f4nia\u201d.  Durante a programa\u00e7\u00e3o, os participantes ser\u00e3o divididos mini-plen\u00e1rias para refletirem 11 subtemas ligados \u00e0 realidade das pessoas, sobretudo da juventude. Depois ser\u00e1 servido um lanche. O encerramento ser\u00e1 com uma caminhada, saindo do col\u00e9gio Dom Amando at\u00e9 \u00e0 Pra\u00e7a da Matriz, onde acontece uma celebra\u00e7\u00e3o Eucar\u00edstica. \n \nPentecostes \n \nA Festa de Pentecostes acontece neste final de semana no mundo todo. Para os crist\u00e3os, \u00e9 a celebra\u00e7\u00e3o da vinda do Esp\u00edrito Santo sobre os Ap\u00f3stolos uma semana depois da ascens\u00e3o do Senhor ao C\u00e9u. \nEnviado por Jesus, o Esp\u00edrito Santo \u00e9 a presen\u00e7a invis\u00edvel de Deus, aquele que fortalece a miss\u00e3o dos crist\u00e3os na terra: anunciar a Boa Nova de Jesus Cristo.  \n \nPara contatos:\nFrei Jo\u00e3o Messias \u2013 Coordenador da Pastoral Urbana da Diocese\n9199-3670\nAntonio Gualberto \u2013 Coordenador do Setor Juventude. 9147-7374\nFrei Greg\u00f3rio Joeright \u2013 Coordenador de Pastoral da Diocese.\" class=\"uiPhotoThumb largePhoto\" data-ft=\"{&quot;type&quot;:41,&quot;tn&quot;:&quot;E&quot;}\" href=\"https:\/\/www.facebook.com\/photo.php?fbid=412509308772097&amp;set=a.216139801742383.54767.100000390951975&amp;type=1&amp;ref=nf\" rel=\"theater\" style=\"border: 1px solid rgb(59, 89, 152); clear: left; color: #3b5998; cursor: pointer; display: inline-block; float: left; font-family: 'lucida grande', tahoma, verdana, arial, sans-serif; font-size: 11px; font-weight: normal; line-height: 16px; margin-bottom: 1em; margin-right: 1em;\"><img loading=\"lazy\" decoding=\"async\" alt=\"\" class=\"img\" height=\"120\" src=\"https:\/\/fbcdn-sphotos-a.akamaihd.net\/hphotos-ak-prn1\/s320x320\/526682_412509308772097_504564907_n.jpg\" style=\"border: 0px; display: block; margin: 3px; max-width: 300px;\" width=\"200\" \/><\/a><span class=\"messageBody\" data-ft=\"{&quot;type&quot;:3}\"><\/p>\n<div style=\"font-family: 'lucida grande', tahoma, verdana, arial, sans-serif; font-size: 11px; font-weight: normal; line-height: 16px; text-align: justify;\">\nTudo pronto para a 4\u00aa Vig\u00edlia de Pentecostes na Diocese de Santar\u00e9m. O evento acontece neste s\u00e1bado, dia 26, no gin\u00e1sio do col\u00e9gio Dom Amando, com in\u00edcio \u00e0s 16h. O evento \u00e9 promovido pela Diocese de Santar\u00e9m. S\u00e3o convocados jovens de todas as par\u00f3quias e comunidades da cidade (crismandos, crismados dos grupos), orientadores de crisma e o povo em geral.&nbsp;<span class=\"text_exposed_show\" style=\"display: inline;\">A coordena\u00e7\u00e3o aguarda aproximadamente 1.500 pessoas.&nbsp;<\/span><\/div>\n<div class=\"text_exposed_root text_exposed\" id=\"id_4fc11edd66b014e01039340\" style=\"display: inline;\">\n<div style=\"font-family: 'lucida grande', tahoma, verdana, arial, sans-serif; font-size: 11px; font-weight: normal; line-height: 16px; text-align: justify;\">\nEste ano a Vig\u00edlia aborda o tema: \u201cVida e sa\u00fade para os povos da Amaz\u00f4nia\u201d. Durante a programa\u00e7\u00e3o, os participantes ser\u00e3o divididos mini-plen\u00e1rias para refletirem 11 subtemas ligados \u00e0 realidade das pessoas, sobretudo da juventude. Depois ser\u00e1 servido um lanche. O encerramento ser\u00e1 com uma caminhada, saindo do col\u00e9gio Dom Amando at\u00e9 \u00e0 Pra\u00e7a da Matriz, onde acontece uma celebra\u00e7\u00e3o Eucar\u00edstica.&nbsp;<\/div>\n<p><span class=\"text_exposed_show\" style=\"display: inline;\"><\/p>\n<div style=\"text-align: justify;\">\n<span style=\"font-family: 'lucida grande', tahoma, verdana, arial, sans-serif; font-weight: normal; line-height: 16px;\"><br \/><\/span><\/div>\n<p><span style=\"font-family: 'lucida grande', tahoma, verdana, arial, sans-serif; font-weight: normal; line-height: 16px;\"><\/p>\n<div style=\"text-align: justify;\">\nPentecostes&nbsp;<\/div>\n<p><\/span><\/p>\n<div style=\"text-align: justify;\">\n<\/div>\n<p><span style=\"font-family: 'lucida grande', tahoma, verdana, arial, sans-serif; font-weight: normal; line-height: 16px;\"><\/p>\n<div style=\"text-align: justify;\">\nA Festa de Pentecostes acontece neste final de semana no mundo todo. Para os crist\u00e3os, \u00e9 a celebra\u00e7\u00e3o da vinda do Esp\u00edrito Santo sobre os Ap\u00f3stolos uma semana depois da ascens\u00e3o do Senhor ao C\u00e9u.&nbsp;<\/div>\n<p><\/span><span style=\"font-family: 'lucida grande', tahoma, verdana, arial, sans-serif; font-weight: normal; line-height: 16px;\"><\/p>\n<div style=\"text-align: justify;\">\nEnviado por Jesus, o Esp\u00edrito Santo \u00e9 a presen\u00e7a invis\u00edvel de Deus, aquele que fortalece a miss\u00e3o dos crist\u00e3os na terra: anunciar a Boa Nova de Jesus Cristo.&nbsp;<\/div>\n<p><\/span><\/p>\n<div style=\"text-align: justify;\">\n<\/div>\n<p><span style=\"font-family: 'lucida grande', tahoma, verdana, arial, sans-serif; font-weight: normal; line-height: 16px;\"><\/p>\n<div style=\"text-align: justify;\">\nPara contatos:<\/div>\n<p><\/span><span style=\"font-family: 'lucida grande', tahoma, verdana, arial, sans-serif; font-weight: normal; line-height: 16px;\"><\/p>\n<div style=\"text-align: justify;\">\nFrei Jo\u00e3o Messias \u2013 Coordenador da Pastoral Urbana da Diocese<\/div>\n<p><\/span><span style=\"font-family: 'lucida grande', tahoma, verdana, arial, sans-serif; font-weight: normal; line-height: 16px;\"><\/p>\n<div style=\"text-align: justify;\">\n9199-3670<\/div>\n<p><\/span><span style=\"font-family: 'lucida grande', tahoma, verdana, arial, sans-serif; font-weight: normal; line-height: 16px;\"><\/p>\n<div style=\"text-align: justify;\">\nAntonio Gualberto \u2013 Coordenador do Setor Juventude. 9147-7374<\/div>\n<p><\/span><span style=\"font-family: 'lucida grande', tahoma, verdana, arial, sans-serif; font-weight: normal; line-height: 16px;\"><\/p>\n<div style=\"text-align: justify;\">\nFrei Greg\u00f3rio Joeright \u2013 Coordenador de Pastoral da Diocese.<\/div>\n<div style=\"text-align: justify;\">\n<\/div>\n<div style=\"text-align: justify;\">\nFonte:&nbsp;<a data-ft=\"{&quot;tn&quot;:&quot;;&quot;}\" data-hovercard=\"\/ajax\/hovercard\/user.php?id=100000390951975\" href=\"https:\/\/www.facebook.com\/profile.php?id=100000390951975\" style=\"color: #3b5998; cursor: pointer; font-size: 10px; text-align: left; text-decoration: none;\">Manoel Cardoso de Freitas<\/a>&nbsp;&#8211; via Facebook<\/div>\n<p><\/span><\/span><\/div>\n<p><\/span><\/h6>\n<div class=\"mvm uiStreamAttachments clearfix fbMainStreamAttachment\" data-ft=\"{&quot;type&quot;:10,&quot;tn&quot;:&quot;H&quot;}\" style=\"background-color: white; color: #333333; font-family: 'lucida grande', tahoma, verdana, arial, sans-serif; font-size: 10px; line-height: 16px; margin-bottom: 10px; margin-top: 10px; text-align: left; zoom: 1;\">\n<\/div>\n<div style=\"text-align: justify;\">\n<\/div>\n","protected":false},"excerpt":{"rendered":"<p>Total de Visualiza\u00e7\u00f5es&nbsp;1,759&nbsp;total views, Visto hoje&nbsp;3&nbsp;views today Tudo pronto para a 4\u00aa Vig\u00edlia de Pentecostes na Diocese de Santar\u00e9m. O<\/p>\n","protected":false},"author":1,"featured_media":0,"comment_status":"open","ping_status":"open","sticky":false,"template":"","format":"standard","meta":{"footnotes":""},"categories":[45,1],"tags":[21],"_links":{"self":[{"href":"https:\/\/blogdobetinho.com\/index.php?rest_route=\/wp\/v2\/posts\/500"}],"collection":[{"href":"https:\/\/blogdobetinho.com\/index.php?rest_route=\/wp\/v2\/posts"}],"about":[{"href":"https:\/\/blogdobetinho.com\/index.php?rest_route=\/wp\/v2\/types\/post"}],"author":[{"embeddable":true,"href":"https:\/\/blogdobetinho.com\/index.php?rest_route=\/wp\/v2\/users\/1"}],"replies":[{"embeddable":true,"href":"https:\/\/blogdobetinho.com\/index.php?rest_route=%2Fwp%2Fv2%2Fcomments&post=500"}],"version-history":[{"count":1,"href":"https:\/\/blogdobetinho.com\/index.php?rest_route=\/wp\/v2\/posts\/500\/revisions"}],"predecessor-version":[{"id":4019,"href":"https:\/\/blogdobetinho.com\/index.php?rest_route=\/wp\/v2\/posts\/500\/revisions\/4019"}],"wp:attachment":[{"href":"https:\/\/blogdobetinho.com\/index.php?rest_route=%2Fwp%2Fv2%2Fmedia&parent=500"}],"wp:term":[{"taxonomy":"category","embeddable":true,"href":"https:\/\/blogdobetinho.com\/index.php?rest_route=%2Fwp%2Fv2%2Fcategories&post=500"},{"taxonomy":"post_tag","embeddable":true,"href":"https:\/\/blogdobetinho.com\/index.php?rest_route=%2Fwp%2Fv2%2Ftags&post=500"}],"curies":[{"name":"wp","href":"https:\/\/api.w.org\/{rel}","templated":true}]}}