{"id":451,"date":"2012-06-25T13:16:00","date_gmt":"2012-06-25T16:16:00","guid":{"rendered":"http:\/\/blogdobetinho.com\/2012\/06\/25\/10-encontro-dos-bispos-da-igreja\/"},"modified":"2019-12-09T20:40:22","modified_gmt":"2019-12-09T22:40:22","slug":"10-encontro-dos-bispos-da-igreja","status":"publish","type":"post","link":"https:\/\/blogdobetinho.com\/?p=451","title":{"rendered":"10\u00ba Encontro dos Bispos da Igreja Cat\u00f3lica na Amaz\u00f4nia movimenta Santar\u00e9m"},"content":{"rendered":"<div class=\"pvc_clear\"><\/div>\n<p class=\"pvc_stats all \" data-element-id=\"451\" style=\"\"><i class=\"pvc-stats-icon medium\" aria-hidden=\"true\"><svg aria-hidden=\"true\" focusable=\"false\" data-prefix=\"far\" data-icon=\"chart-bar\" role=\"img\" xmlns=\"http:\/\/www.w3.org\/2000\/svg\" viewBox=\"0 0 512 512\" class=\"svg-inline--fa fa-chart-bar fa-w-16 fa-2x\"><path fill=\"currentColor\" d=\"M396.8 352h22.4c6.4 0 12.8-6.4 12.8-12.8V108.8c0-6.4-6.4-12.8-12.8-12.8h-22.4c-6.4 0-12.8 6.4-12.8 12.8v230.4c0 6.4 6.4 12.8 12.8 12.8zm-192 0h22.4c6.4 0 12.8-6.4 12.8-12.8V140.8c0-6.4-6.4-12.8-12.8-12.8h-22.4c-6.4 0-12.8 6.4-12.8 12.8v198.4c0 6.4 6.4 12.8 12.8 12.8zm96 0h22.4c6.4 0 12.8-6.4 12.8-12.8V204.8c0-6.4-6.4-12.8-12.8-12.8h-22.4c-6.4 0-12.8 6.4-12.8 12.8v134.4c0 6.4 6.4 12.8 12.8 12.8zM496 400H48V80c0-8.84-7.16-16-16-16H16C7.16 64 0 71.16 0 80v336c0 17.67 14.33 32 32 32h464c8.84 0 16-7.16 16-16v-16c0-8.84-7.16-16-16-16zm-387.2-48h22.4c6.4 0 12.8-6.4 12.8-12.8v-70.4c0-6.4-6.4-12.8-12.8-12.8h-22.4c-6.4 0-12.8 6.4-12.8 12.8v70.4c0 6.4 6.4 12.8 12.8 12.8z\" class=\"\"><\/path><\/svg><\/i> Total de Visualiza\u00e7\u00f5es&nbsp;1,897&nbsp;total views, Visto hoje&nbsp;3&nbsp;views today<\/p>\n<div class=\"pvc_clear\"><\/div>\n<h2 class=\"sub-titulo-single\" title=\"Confirmadas presen\u00e7as do Secret\u00e1rio Nacional da CNBB e do arcebispo de S\u00e3o Paulo, Dom Cl\u00e1udio Hummes\">\nConfirmadas presen\u00e7as do Secret\u00e1rio Nacional da CNBB e do arcebispo de S\u00e3o Paulo, Dom Cl\u00e1udio Hummes<\/h2>\n<table cellpadding=\"0\" cellspacing=\"0\" class=\"tr-caption-container\" style=\"float: left; margin-right: 1em; text-align: left;\">\n<tbody>\n<tr>\n<td style=\"text-align: center;\"><a href=\"http:\/\/www.oimpacto.com.br\/religiao\/10o-encontro-dos-bispos-da-igreja-catolica-na-amazonia-movimenta-santarem\/attachment\/dom-claudio-hummes-2\/\" rel=\"attachment wp-att-54215\" style=\"clear: left; margin-bottom: 1em; margin-left: auto; margin-right: auto;\"><img loading=\"lazy\" decoding=\"async\" alt=\"\" class=\"size-full wp-image-54215\" height=\"320\" src=\"http:\/\/www.oimpacto.com.br\/wp-content\/uploads\/2012\/06\/Dom-Cl%C3%A1udio-Hummes.jpg\" title=\"Dom Cl\u00e1udio Hummes\" width=\"286\" \/><\/a><\/td>\n<\/tr>\n<tr>\n<td class=\"tr-caption\" style=\"text-align: center;\">Dom Cl\u00e1udio Hummes <\/td>\n<\/tr>\n<\/tbody>\n<\/table>\n<div style=\"text-align: justify;\">\nNo per\u00edodo de 02 a 06 de julho acontecer\u00e1 em Santar\u00e9m o 10\u00ba Encontro<br \/>\ndos Bispos da Igreja Cat\u00f3lica na Amaz\u00f4nia. Ser\u00e1 no Semin\u00e1rio S\u00e3o Pio X e<br \/>\n vai reunir Bispos dos Estados do Par\u00e1, Amap\u00e1, Amazonas, Rond\u00f4nia,<br \/>\nRoraima, Acre, Mato Grosso, Maranh\u00e3o, Rio Grande do Norte, al\u00e9m de<br \/>\ncoordenadores e pastoral e religiosos das arquidioceses, dioceses e<br \/>\nprelazias desses Estados. Confirmadas presen\u00e7as do Secret\u00e1rio Geral da<br \/>\nCNBB e arcebispo Auxiliar da Arquidiocese de Bras\u00edlia, Dom Leonardo<br \/>\nSteiner e do Presidente da Comiss\u00e3o Episcopal para a Amaz\u00f4nia e<br \/>\narcebispo em\u00e9rito de S\u00e3o Paulo, cardeal Dom Cl\u00e1udio Hummes.<\/div>\n<p>Ser\u00e1 um momento hist\u00f3rico para Santar\u00e9m e para a Igreja da Amaz\u00f4nia,<br \/>\npois os olhares das demais regi\u00f5es do Brasil e da Am\u00e9rica Latina estar\u00e3o<br \/>\n voltados para a P\u00e9rola do Tapaj\u00f3s.<\/p>\n<p><strong>Fonte: RG 15\/O Impacto e Carlos Cruz<\/strong><\/p>\n","protected":false},"excerpt":{"rendered":"<p>Total de Visualiza\u00e7\u00f5es&nbsp;1,897&nbsp;total views, Visto hoje&nbsp;3&nbsp;views today Confirmadas presen\u00e7as do Secret\u00e1rio Nacional da CNBB e do arcebispo de S\u00e3o Paulo,<\/p>\n","protected":false},"author":1,"featured_media":0,"comment_status":"open","ping_status":"open","sticky":false,"template":"","format":"standard","meta":{"footnotes":""},"categories":[45,1],"tags":[21],"_links":{"self":[{"href":"https:\/\/blogdobetinho.com\/index.php?rest_route=\/wp\/v2\/posts\/451"}],"collection":[{"href":"https:\/\/blogdobetinho.com\/index.php?rest_route=\/wp\/v2\/posts"}],"about":[{"href":"https:\/\/blogdobetinho.com\/index.php?rest_route=\/wp\/v2\/types\/post"}],"author":[{"embeddable":true,"href":"https:\/\/blogdobetinho.com\/index.php?rest_route=\/wp\/v2\/users\/1"}],"replies":[{"embeddable":true,"href":"https:\/\/blogdobetinho.com\/index.php?rest_route=%2Fwp%2Fv2%2Fcomments&post=451"}],"version-history":[{"count":1,"href":"https:\/\/blogdobetinho.com\/index.php?rest_route=\/wp\/v2\/posts\/451\/revisions"}],"predecessor-version":[{"id":4105,"href":"https:\/\/blogdobetinho.com\/index.php?rest_route=\/wp\/v2\/posts\/451\/revisions\/4105"}],"wp:attachment":[{"href":"https:\/\/blogdobetinho.com\/index.php?rest_route=%2Fwp%2Fv2%2Fmedia&parent=451"}],"wp:term":[{"taxonomy":"category","embeddable":true,"href":"https:\/\/blogdobetinho.com\/index.php?rest_route=%2Fwp%2Fv2%2Fcategories&post=451"},{"taxonomy":"post_tag","embeddable":true,"href":"https:\/\/blogdobetinho.com\/index.php?rest_route=%2Fwp%2Fv2%2Ftags&post=451"}],"curies":[{"name":"wp","href":"https:\/\/api.w.org\/{rel}","templated":true}]}}