{"id":25,"date":"2019-09-03T23:59:00","date_gmt":"2019-09-04T02:59:00","guid":{"rendered":"http:\/\/blogdobetinho.com\/2019\/09\/03\/credenciamento-de-imprensa-para\/"},"modified":"2019-12-09T11:43:06","modified_gmt":"2019-12-09T13:43:06","slug":"credenciamento-de-imprensa-para","status":"publish","type":"post","link":"https:\/\/blogdobetinho.com\/?p=25","title":{"rendered":"Credenciamento de imprensa para a cobertura do \u00c7air\u00e9 2019 inicia nesta ter\u00e7a-feira"},"content":{"rendered":"<div class=\"pvc_clear\"><\/div>\n<p class=\"pvc_stats all \" data-element-id=\"25\" style=\"\"><i class=\"pvc-stats-icon medium\" aria-hidden=\"true\"><svg aria-hidden=\"true\" focusable=\"false\" data-prefix=\"far\" data-icon=\"chart-bar\" role=\"img\" xmlns=\"http:\/\/www.w3.org\/2000\/svg\" viewBox=\"0 0 512 512\" class=\"svg-inline--fa fa-chart-bar fa-w-16 fa-2x\"><path fill=\"currentColor\" d=\"M396.8 352h22.4c6.4 0 12.8-6.4 12.8-12.8V108.8c0-6.4-6.4-12.8-12.8-12.8h-22.4c-6.4 0-12.8 6.4-12.8 12.8v230.4c0 6.4 6.4 12.8 12.8 12.8zm-192 0h22.4c6.4 0 12.8-6.4 12.8-12.8V140.8c0-6.4-6.4-12.8-12.8-12.8h-22.4c-6.4 0-12.8 6.4-12.8 12.8v198.4c0 6.4 6.4 12.8 12.8 12.8zm96 0h22.4c6.4 0 12.8-6.4 12.8-12.8V204.8c0-6.4-6.4-12.8-12.8-12.8h-22.4c-6.4 0-12.8 6.4-12.8 12.8v134.4c0 6.4 6.4 12.8 12.8 12.8zM496 400H48V80c0-8.84-7.16-16-16-16H16C7.16 64 0 71.16 0 80v336c0 17.67 14.33 32 32 32h464c8.84 0 16-7.16 16-16v-16c0-8.84-7.16-16-16-16zm-387.2-48h22.4c6.4 0 12.8-6.4 12.8-12.8v-70.4c0-6.4-6.4-12.8-12.8-12.8h-22.4c-6.4 0-12.8 6.4-12.8 12.8v70.4c0 6.4 6.4 12.8 12.8 12.8z\" class=\"\"><\/path><\/svg><\/i> Total de Visualiza\u00e7\u00f5es&nbsp;1,840&nbsp;total views, Visto hoje&nbsp;3&nbsp;views today<\/p>\n<div class=\"pvc_clear\"><\/div>\n<div dir=\"ltr\" style=\"text-align: left;\" trbidi=\"on\">\n<div class=\"separator\" style=\"clear: both; text-align: center;\">\n<a href=\"http:\/\/blogdobetinho.com\/wp-content\/uploads\/2019\/09\/2557_20190823092151__mg_9246.jpg\" imageanchor=\"1\" style=\"margin-left: 1em; margin-right: 1em;\"><img loading=\"lazy\" decoding=\"async\" border=\"0\" data-original-height=\"329\" data-original-width=\"660\" height=\"199\" src=\"http:\/\/blogdobetinho.com\/wp-content\/uploads\/2019\/09\/2557_20190823092151__mg_9246.jpg\" width=\"400\" \/><\/a><\/div>\n<div style=\"background-color: white; box-sizing: border-box; color: #333333; font-family: Roboto, sans-serif; font-size: 16px; margin-bottom: 10px; text-align: justify;\">\nA&nbsp;Prefeitura de Santar\u00e9m por meio da&nbsp;Coordenadoria de Comunica\u00e7\u00e3o (Ccom) inicia nesta ter\u00e7a-feira (3), o credenciamento de imprensa para os profissionais e ve\u00edculos de comunica\u00e7\u00e3o que trabalhar\u00e3o na cobertura do \u00c7air\u00e9 2019. O maior evento cultural do Oeste do Par\u00e1 inicia no dia 14 e encerra no dia 23 de setembro, em Alter do Ch\u00e3o e traz o tema: F\u00e9 que emociona, magia que encanta.&nbsp;<\/div>\n<ul style=\"background-color: white; box-sizing: border-box; color: #333333; font-family: Roboto, sans-serif; font-size: 16px; margin-bottom: 10px; margin-top: 0px;\">\n<li style=\"box-sizing: border-box;\"><span style=\"box-sizing: border-box; font-weight: 700; text-align: justify;\"><a href=\"http:\/\/caire2019.santarem.pa.gov.br\/\" style=\"background-color: transparent; box-sizing: border-box; color: #a80000; text-decoration-line: none;\" target=\"_blank\" rel=\"noopener noreferrer\">Confira o Hotsite do \u00c7air\u00e9 2019<\/a><\/span><\/li>\n<li style=\"box-sizing: border-box;\"><span style=\"box-sizing: border-box; font-weight: 700;\"><a href=\"http:\/\/caire2019.santarem.pa.gov.br\/imprensa\/\" style=\"background-color: transparent; box-sizing: border-box; color: #a80000; text-decoration-line: none;\" target=\"_blank\" rel=\"noopener noreferrer\">Fa\u00e7a o credenciamento aqui<\/a><\/span><\/li>\n<\/ul>\n<div style=\"background-color: white; box-sizing: border-box; color: #333333; font-family: Roboto, sans-serif; font-size: 16px; margin-bottom: 10px; text-align: justify;\">\nO credenciamento ocorrer\u00e1 at\u00e9 o dia 15 de setembro e ser\u00e1 feito exclusivamente pela internet. Para se credenciar, os profissionais ter\u00e3o que<a href=\"http:\/\/caire2019.santarem.pa.gov.br\/imprensa\/\" style=\"background-color: transparent; box-sizing: border-box; color: #a80000; text-decoration-line: none;\" target=\"_blank\" rel=\"noopener noreferrer\">&nbsp;acessar o link&nbsp;<\/a>acima que direciona para a op\u00e7\u00e3o Cadastro de Imprensa e preencher corretamente o formul\u00e1rio. Depois de preenchido, o inscrito receber\u00e1 um e-mail informando que o cadastro est\u00e1 sob an\u00e1lise, em seguida ser\u00e1 notificado tamb\u00e9m por e-mail sobre a valida\u00e7\u00e3o do credenciamento com aprova\u00e7\u00e3o ou reprova\u00e7\u00e3o, e sobre locais, horas e datas de entrega das credenciais.<\/div>\n<div style=\"background-color: white; box-sizing: border-box; color: #333333; font-family: Roboto, sans-serif; font-size: 16px; margin-bottom: 10px; text-align: justify;\">\nAntes de realizar o cadastro, o profissional dever\u00e1 ler atentamente o regulamento do credenciamento, dispon\u00edvel ao lado do formul\u00e1rio.<\/div>\n<div style=\"background-color: white; box-sizing: border-box; color: #333333; font-family: Roboto, sans-serif; font-size: 16px; margin-bottom: 10px; text-align: justify;\">\nO cadastro \u00e9 para profissionais de comunica\u00e7\u00e3o que v\u00e3o trabalhar na cobertura do \u00c7air\u00e9 2019. (Jornais impressos, revistas, emissoras de r\u00e1dio e televis\u00e3o, ag\u00eancias de not\u00edcias, sites, blogs, digital Influencer e etc.).<\/div>\n<div class=\"col-lg-12 col-sem-margem conteudo\" id=\"wraper_images\" style=\"background-color: white; box-sizing: border-box; float: left; font-family: roboto, sans-serif; margin: 0px; min-height: 1px; padding: 0px; position: relative; width: 665px;\">\n<div class=\"separator\" style=\"clear: both; color: #333333; font-size: 16px; text-align: center;\">\n<a href=\"http:\/\/blogdobetinho.com\/wp-content\/uploads\/2019\/09\/up_ag_4346_caire_editado.jpg\" imageanchor=\"1\" style=\"margin-left: 1em; margin-right: 1em;\"><img loading=\"lazy\" decoding=\"async\" border=\"0\" data-original-height=\"360\" data-original-width=\"660\" height=\"218\" src=\"http:\/\/blogdobetinho.com\/wp-content\/uploads\/2019\/09\/up_ag_4346_caire_editado.jpg\" width=\"400\" \/><\/a><\/div>\n<div class=\"MsoNormal\" style=\"color: #333333; font-size: 16px; line-height: normal; margin-bottom: 7.5pt; text-align: justify;\">\n<b><span style=\"font-family: &quot;arial&quot; , sans-serif; font-size: 12pt;\">Da disponibilidade das credenciais<\/span><\/b><span style=\"font-family: &quot;arial&quot; , sans-serif; font-size: 12pt;\"><br \/>\n\u2022 Televis\u00e3o \u2013 1 rep\u00f3rter, 1 rep\u00f3rter cinematogr\u00e1fico e\/ou 1 produtor\u00b9<br \/>\n\u2022 R\u00e1dio \u2013 2 profissionais\u00b9<br \/>\n\u2022 Jornal\/Revista \u2013 1 rep\u00f3rter e\/ou 1 rep\u00f3rter fotogr\u00e1fico<br \/>\n\u2022 Ag\u00eancia de Not\u00edcias \u2013 1 rep\u00f3rter e\/ou 1 rep\u00f3rter fotogr\u00e1fico<br \/>\n\u2022 Blog\/Site \u2013 1 fot\u00f3grafo e\/ou 1 rep\u00f3rter\/colunista\u00b2<br \/>\n\u2022 Produtoras \u2013 4 profissionais<br \/>\n\u2022 Digital Influencer \u2013 1 profissional<\/span><\/div>\n<div class=\"MsoNormal\" style=\"background-attachment: initial; background-clip: initial; background-image: initial; background-origin: initial; background-position: initial; background-repeat: initial; background-size: initial; line-height: normal; margin-bottom: 7.5pt; text-align: justify;\">\n<div style=\"text-align: left;\">\n<div style=\"color: #333333; font-size: 16px;\">\n<\/div>\n<div class=\"MsoNormal\" style=\"text-align: justify;\">\n<div style=\"font-size: 16px;\">\n<span style=\"color: red;\">VEJA MAT\u00c9RIA EM:<\/span><\/div>\n<div style=\"font-size: 16px;\">\n<span style=\"color: red;\"><br \/><\/span><\/div>\n<p><a href=\"http:\/\/www.agenciasantarem.com.br\/noticia\/4346\" target=\"_blank\" rel=\"noopener noreferrer\"><span style=\"color: red; font-size: large;\">http:\/\/www.agenciasantarem.com.br\/noticia\/4346<\/span><\/a><\/div>\n<div class=\"MsoNormal\" style=\"color: #333333; font-size: 16px; text-align: justify;\">\n<\/div>\n<div style=\"color: #333333; font-size: 16px;\">\n<\/div>\n<\/div>\n<\/div>\n<\/div>\n<\/div>\n","protected":false},"excerpt":{"rendered":"<p>Total de Visualiza\u00e7\u00f5es&nbsp;1,840&nbsp;total views, Visto hoje&nbsp;3&nbsp;views today A&nbsp;Prefeitura de Santar\u00e9m por meio da&nbsp;Coordenadoria de Comunica\u00e7\u00e3o (Ccom) inicia nesta ter\u00e7a-feira (3),<\/p>\n","protected":false},"author":1,"featured_media":0,"comment_status":"open","ping_status":"open","sticky":false,"template":"","format":"standard","meta":{"footnotes":""},"categories":[1],"tags":[5],"_links":{"self":[{"href":"https:\/\/blogdobetinho.com\/index.php?rest_route=\/wp\/v2\/posts\/25"}],"collection":[{"href":"https:\/\/blogdobetinho.com\/index.php?rest_route=\/wp\/v2\/posts"}],"about":[{"href":"https:\/\/blogdobetinho.com\/index.php?rest_route=\/wp\/v2\/types\/post"}],"author":[{"embeddable":true,"href":"https:\/\/blogdobetinho.com\/index.php?rest_route=\/wp\/v2\/users\/1"}],"replies":[{"embeddable":true,"href":"https:\/\/blogdobetinho.com\/index.php?rest_route=%2Fwp%2Fv2%2Fcomments&post=25"}],"version-history":[{"count":1,"href":"https:\/\/blogdobetinho.com\/index.php?rest_route=\/wp\/v2\/posts\/25\/revisions"}],"predecessor-version":[{"id":5040,"href":"https:\/\/blogdobetinho.com\/index.php?rest_route=\/wp\/v2\/posts\/25\/revisions\/5040"}],"wp:attachment":[{"href":"https:\/\/blogdobetinho.com\/index.php?rest_route=%2Fwp%2Fv2%2Fmedia&parent=25"}],"wp:term":[{"taxonomy":"category","embeddable":true,"href":"https:\/\/blogdobetinho.com\/index.php?rest_route=%2Fwp%2Fv2%2Fcategories&post=25"},{"taxonomy":"post_tag","embeddable":true,"href":"https:\/\/blogdobetinho.com\/index.php?rest_route=%2Fwp%2Fv2%2Ftags&post=25"}],"curies":[{"name":"wp","href":"https:\/\/api.w.org\/{rel}","templated":true}]}}