{"id":221,"date":"2014-11-17T23:47:00","date_gmt":"2014-11-18T01:47:00","guid":{"rendered":"http:\/\/blogdobetinho.com\/2014\/11\/17\/acoes-de-fiscalizacao-sao-prioridades\/"},"modified":"2019-12-09T21:30:10","modified_gmt":"2019-12-09T23:30:10","slug":"acoes-de-fiscalizacao-sao-prioridades","status":"publish","type":"post","link":"https:\/\/blogdobetinho.com\/?p=221","title":{"rendered":"A\u00e7\u00f5es de fiscaliza\u00e7\u00e3o s\u00e3o prioridades no Conselho"},"content":{"rendered":"<div class=\"pvc_clear\"><\/div>\n<p class=\"pvc_stats all \" data-element-id=\"221\" style=\"\"><i class=\"pvc-stats-icon medium\" aria-hidden=\"true\"><svg aria-hidden=\"true\" focusable=\"false\" data-prefix=\"far\" data-icon=\"chart-bar\" role=\"img\" xmlns=\"http:\/\/www.w3.org\/2000\/svg\" viewBox=\"0 0 512 512\" class=\"svg-inline--fa fa-chart-bar fa-w-16 fa-2x\"><path fill=\"currentColor\" d=\"M396.8 352h22.4c6.4 0 12.8-6.4 12.8-12.8V108.8c0-6.4-6.4-12.8-12.8-12.8h-22.4c-6.4 0-12.8 6.4-12.8 12.8v230.4c0 6.4 6.4 12.8 12.8 12.8zm-192 0h22.4c6.4 0 12.8-6.4 12.8-12.8V140.8c0-6.4-6.4-12.8-12.8-12.8h-22.4c-6.4 0-12.8 6.4-12.8 12.8v198.4c0 6.4 6.4 12.8 12.8 12.8zm96 0h22.4c6.4 0 12.8-6.4 12.8-12.8V204.8c0-6.4-6.4-12.8-12.8-12.8h-22.4c-6.4 0-12.8 6.4-12.8 12.8v134.4c0 6.4 6.4 12.8 12.8 12.8zM496 400H48V80c0-8.84-7.16-16-16-16H16C7.16 64 0 71.16 0 80v336c0 17.67 14.33 32 32 32h464c8.84 0 16-7.16 16-16v-16c0-8.84-7.16-16-16-16zm-387.2-48h22.4c6.4 0 12.8-6.4 12.8-12.8v-70.4c0-6.4-6.4-12.8-12.8-12.8h-22.4c-6.4 0-12.8 6.4-12.8 12.8v70.4c0 6.4 6.4 12.8 12.8 12.8z\" class=\"\"><\/path><\/svg><\/i> Total de Visualiza\u00e7\u00f5es&nbsp;2,170&nbsp;total views, Visto hoje&nbsp;3&nbsp;views today<\/p>\n<div class=\"pvc_clear\"><\/div>\n<div class=\"font_8\" style=\"background-attachment: initial; background-clip: initial; background-image: initial; background-origin: initial; background-position: 0px 0px; background-repeat: initial; background-size: initial; border: 0px; color: #848282; font-family: enriqueta, serif; font-size: 14px; font-stretch: normal; outline: 0px; padding: 0px; text-align: justify; vertical-align: baseline;\">\n<span class=\"color_2\" style=\"background-attachment: initial; background-clip: initial; background-image: initial; background-origin: initial; background-position: 0px 0px; background-repeat: initial; background-size: initial; border: 0px; color: black; margin: 0px; outline: 0px; padding: 0px; vertical-align: baseline;\"><span style=\"background-attachment: initial; background-clip: initial; background-image: initial; background-origin: initial; background-position: 0px 0px; background-repeat: initial; background-size: initial; border: 0px; font-family: basic, sans-serif; margin: 0px; outline: 0px; padding: 0px; vertical-align: baseline;\">Esta semana, o Conselho Regional de Economia (Corecon-Pa) realizou mais quatro novas a\u00e7\u00f5es de fiscaliza\u00e7\u00e3o para legalizar empresas e profissionais da \u00e1rea.<\/span><\/span><\/div>\n<div class=\"font_8\" style=\"background-attachment: initial; background-clip: initial; background-image: initial; background-origin: initial; background-position: 0px 0px; background-repeat: initial; background-size: initial; border: 0px; color: #848282; font-family: enriqueta, serif; font-size: 14px; font-stretch: normal; outline: 0px; padding: 0px; text-align: justify; vertical-align: baseline;\">\n<\/div>\n<div class=\"font_8\" style=\"background-attachment: initial; background-clip: initial; background-image: initial; background-origin: initial; background-position: 0px 0px; background-repeat: initial; background-size: initial; border: 0px; color: #848282; font-family: enriqueta, serif; font-size: 14px; font-stretch: normal; outline: 0px; padding: 0px; text-align: justify; vertical-align: baseline;\">\n<span class=\"color_2\" style=\"background-attachment: initial; background-clip: initial; background-image: initial; background-origin: initial; background-position: 0px 0px; background-repeat: initial; background-size: initial; border: 0px; color: black; margin: 0px; outline: 0px; padding: 0px; vertical-align: baseline;\"><span style=\"background-attachment: initial; background-clip: initial; background-image: initial; background-origin: initial; background-position: 0px 0px; background-repeat: initial; background-size: initial; border: 0px; font-family: basic, sans-serif; margin: 0px; outline: 0px; padding: 0px; vertical-align: baseline;\">A fiscal, Samara Faro, esteve em Ananindeua notificando uma empresa de projetos que vinha atuando ilegalmente no mercado, ap\u00f3s esta notifica\u00e7\u00e3o a empresa ter\u00e1 15 dias para apresentar sua defesa ou realizar a regulariza\u00e7\u00e3o junto ao Corecon.<\/span><\/span><\/div>\n<div class=\"font_8\" style=\"background-attachment: initial; background-clip: initial; background-image: initial; background-origin: initial; background-position: 0px 0px; background-repeat: initial; background-size: initial; border: 0px; color: #848282; font-family: enriqueta, serif; font-size: 14px; font-stretch: normal; outline: 0px; padding: 0px; text-align: justify; vertical-align: baseline;\">\n<\/div>\n<div class=\"font_8\" style=\"background-attachment: initial; background-clip: initial; background-image: initial; background-origin: initial; background-position: 0px 0px; background-repeat: initial; background-size: initial; border: 0px; color: #848282; font-family: enriqueta, serif; font-size: 14px; font-stretch: normal; outline: 0px; padding: 0px; text-align: justify; vertical-align: baseline;\">\n<span class=\"color_2\" style=\"background-attachment: initial; background-clip: initial; background-image: initial; background-origin: initial; background-position: 0px 0px; background-repeat: initial; background-size: initial; border: 0px; color: black; margin: 0px; outline: 0px; padding: 0px; vertical-align: baseline;\"><span style=\"background-attachment: initial; background-clip: initial; background-image: initial; background-origin: initial; background-position: 0px 0px; background-repeat: initial; background-size: initial; border: 0px; font-family: basic, sans-serif; margin: 0px; outline: 0px; padding: 0px; vertical-align: baseline;\">O setor de fiscaliza\u00e7\u00e3o realizou ainda o levantamento da lista de economista que est\u00e3o trabalhando dentro a Prefeitura de Ananindeua, com o intuito de verificar a situa\u00e7\u00e3o de registro desses profissionais.<\/span><\/span><\/div>\n<div class=\"font_8\" style=\"background-attachment: initial; background-clip: initial; background-image: initial; background-origin: initial; background-position: 0px 0px; background-repeat: initial; background-size: initial; border: 0px; color: #848282; font-family: enriqueta, serif; font-size: 14px; font-stretch: normal; outline: 0px; padding: 0px; text-align: justify; vertical-align: baseline;\">\n<\/div>\n<div class=\"font_8\" style=\"background-attachment: initial; background-clip: initial; background-image: initial; background-origin: initial; background-position: 0px 0px; background-repeat: initial; background-size: initial; border: 0px; color: #848282; font-family: enriqueta, serif; font-size: 14px; font-stretch: normal; outline: 0px; padding: 0px; text-align: justify; vertical-align: baseline;\">\n<span class=\"color_2\" style=\"background-attachment: initial; background-clip: initial; background-image: initial; background-origin: initial; background-position: 0px 0px; background-repeat: initial; background-size: initial; border: 0px; color: black; margin: 0px; outline: 0px; padding: 0px; vertical-align: baseline;\"><span style=\"background-attachment: initial; background-clip: initial; background-image: initial; background-origin: initial; background-position: 0px 0px; background-repeat: initial; background-size: initial; border: 0px; font-family: basic, sans-serif; margin: 0px; outline: 0px; padding: 0px; vertical-align: baseline;\">Por \u00faltimo, foram feitas a autua\u00e7\u00e3o e a notifica\u00e7\u00e3o de dois profissionais que estavam trabalhando de forma ilegal sem o registro no Corecon-Pa. Eles tamb\u00e9m ter\u00e3o um prazo de 15 dias para apresentar defesa ou regularizar seus registros.<\/span><\/span><\/div>\n<div class=\"font_8\" style=\"background-attachment: initial; background-clip: initial; background-image: initial; background-origin: initial; background-position: 0px 0px; background-repeat: initial; background-size: initial; border: 0px; color: #848282; font-family: enriqueta, serif; font-size: 14px; font-stretch: normal; outline: 0px; padding: 0px; text-align: justify; vertical-align: baseline;\">\n<\/div>\n<div class=\"font_8\" style=\"background-attachment: initial; background-clip: initial; background-image: initial; background-origin: initial; background-position: 0px 0px; background-repeat: initial; background-size: initial; border: 0px; color: #848282; font-family: enriqueta, serif; font-size: 14px; font-stretch: normal; outline: 0px; padding: 0px; text-align: justify; vertical-align: baseline;\">\n<span class=\"color_2\" style=\"background-attachment: initial; background-clip: initial; background-image: initial; background-origin: initial; background-position: 0px 0px; background-repeat: initial; background-size: initial; border: 0px; color: black; margin: 0px; outline: 0px; padding: 0px; vertical-align: baseline;\"><span style=\"background-attachment: initial; background-clip: initial; background-image: initial; background-origin: initial; background-position: 0px 0px; background-repeat: initial; background-size: initial; border: 0px; font-family: basic, sans-serif; margin: 0px; outline: 0px; padding: 0px; vertical-align: baseline;\">\u201cAs fiscaliza\u00e7\u00f5es s\u00e3o uma parte importante do trabalho do Conselho, pois s\u00e3o elas que garantem o espa\u00e7o no mercado de trabalho para os profissionais de economia devidamente regularizados\u201d afirmou Samara.<\/span><\/span><\/div>\n<div class=\"font_8\" style=\"background-attachment: initial; background-clip: initial; background-image: initial; background-origin: initial; background-position: 0px 0px; background-repeat: initial; background-size: initial; border: 0px; color: #848282; font-family: enriqueta, serif; font-size: 14px; font-stretch: normal; outline: 0px; padding: 0px; text-align: justify; vertical-align: baseline;\">\n<span class=\"color_2\" style=\"background-attachment: initial; background-clip: initial; background-image: initial; background-origin: initial; background-position: 0px 0px; background-repeat: initial; background-size: initial; border: 0px; color: black; margin: 0px; outline: 0px; padding: 0px; vertical-align: baseline;\"><span style=\"background-attachment: initial; background-clip: initial; background-image: initial; background-origin: initial; background-position: 0px 0px; background-repeat: initial; background-size: initial; border: 0px; font-family: basic, sans-serif; margin: 0px; outline: 0px; padding: 0px; vertical-align: baseline;\"><br \/><\/span><\/span><\/div>\n<div class=\"font_8\" style=\"background-attachment: initial; background-clip: initial; background-image: initial; background-origin: initial; background-position: 0px 0px; background-repeat: initial; background-size: initial; border: 0px; color: #848282; font-family: enriqueta, serif; font-size: 14px; font-stretch: normal; outline: 0px; padding: 0px; text-align: justify; vertical-align: baseline;\">\n<span class=\"color_2\" style=\"background-attachment: initial; background-clip: initial; background-image: initial; background-origin: initial; background-position: 0px 0px; background-repeat: initial; background-size: initial; border: 0px; color: black; margin: 0px; outline: 0px; padding: 0px; vertical-align: baseline;\"><span style=\"background-attachment: initial; background-clip: initial; background-image: initial; background-origin: initial; background-position: 0px 0px; background-repeat: initial; background-size: initial; border: 0px; font-family: basic, sans-serif; margin: 0px; outline: 0px; padding: 0px; vertical-align: baseline;\">Fonte: CORECON &#8211; PA<\/span><\/span><\/div>\n<div class=\"font_8\" style=\"background-attachment: initial; background-clip: initial; background-image: initial; background-origin: initial; background-position: 0px 0px; background-repeat: initial; background-size: initial; border: 0px; color: #848282; font-family: enriqueta, serif; font-size: 14px; font-stretch: normal; outline: 0px; padding: 0px; text-align: justify; vertical-align: baseline;\">\n<\/div>\n","protected":false},"excerpt":{"rendered":"<p>Total de Visualiza\u00e7\u00f5es&nbsp;2,170&nbsp;total views, Visto hoje&nbsp;3&nbsp;views today Esta semana, o Conselho Regional de Economia (Corecon-Pa) realizou mais quatro novas a\u00e7\u00f5es<\/p>\n","protected":false},"author":1,"featured_media":0,"comment_status":"open","ping_status":"open","sticky":false,"template":"","format":"standard","meta":{"footnotes":""},"categories":[47,1],"tags":[11],"_links":{"self":[{"href":"https:\/\/blogdobetinho.com\/index.php?rest_route=\/wp\/v2\/posts\/221"}],"collection":[{"href":"https:\/\/blogdobetinho.com\/index.php?rest_route=\/wp\/v2\/posts"}],"about":[{"href":"https:\/\/blogdobetinho.com\/index.php?rest_route=\/wp\/v2\/types\/post"}],"author":[{"embeddable":true,"href":"https:\/\/blogdobetinho.com\/index.php?rest_route=\/wp\/v2\/users\/1"}],"replies":[{"embeddable":true,"href":"https:\/\/blogdobetinho.com\/index.php?rest_route=%2Fwp%2Fv2%2Fcomments&post=221"}],"version-history":[{"count":1,"href":"https:\/\/blogdobetinho.com\/index.php?rest_route=\/wp\/v2\/posts\/221\/revisions"}],"predecessor-version":[{"id":4637,"href":"https:\/\/blogdobetinho.com\/index.php?rest_route=\/wp\/v2\/posts\/221\/revisions\/4637"}],"wp:attachment":[{"href":"https:\/\/blogdobetinho.com\/index.php?rest_route=%2Fwp%2Fv2%2Fmedia&parent=221"}],"wp:term":[{"taxonomy":"category","embeddable":true,"href":"https:\/\/blogdobetinho.com\/index.php?rest_route=%2Fwp%2Fv2%2Fcategories&post=221"},{"taxonomy":"post_tag","embeddable":true,"href":"https:\/\/blogdobetinho.com\/index.php?rest_route=%2Fwp%2Fv2%2Ftags&post=221"}],"curies":[{"name":"wp","href":"https:\/\/api.w.org\/{rel}","templated":true}]}}