{"id":219,"date":"2014-11-18T00:04:00","date_gmt":"2014-11-18T02:04:00","guid":{"rendered":"http:\/\/blogdobetinho.com\/2014\/11\/18\/cancao-da-comunidade-santos-da-boa-fe\/"},"modified":"2019-12-09T21:30:10","modified_gmt":"2019-12-09T23:30:10","slug":"cancao-da-comunidade-santos-da-boa-fe","status":"publish","type":"post","link":"https:\/\/blogdobetinho.com\/?p=219","title":{"rendered":"Can\u00e7\u00e3o da comunidade Santos da Boa F\u00e9 vence o VIII Festival de m\u00fasica do Planalto Santareno"},"content":{"rendered":"<div class=\"pvc_clear\"><\/div>\n<p class=\"pvc_stats all \" data-element-id=\"219\" style=\"\"><i class=\"pvc-stats-icon medium\" aria-hidden=\"true\"><svg aria-hidden=\"true\" focusable=\"false\" data-prefix=\"far\" data-icon=\"chart-bar\" role=\"img\" xmlns=\"http:\/\/www.w3.org\/2000\/svg\" viewBox=\"0 0 512 512\" class=\"svg-inline--fa fa-chart-bar fa-w-16 fa-2x\"><path fill=\"currentColor\" d=\"M396.8 352h22.4c6.4 0 12.8-6.4 12.8-12.8V108.8c0-6.4-6.4-12.8-12.8-12.8h-22.4c-6.4 0-12.8 6.4-12.8 12.8v230.4c0 6.4 6.4 12.8 12.8 12.8zm-192 0h22.4c6.4 0 12.8-6.4 12.8-12.8V140.8c0-6.4-6.4-12.8-12.8-12.8h-22.4c-6.4 0-12.8 6.4-12.8 12.8v198.4c0 6.4 6.4 12.8 12.8 12.8zm96 0h22.4c6.4 0 12.8-6.4 12.8-12.8V204.8c0-6.4-6.4-12.8-12.8-12.8h-22.4c-6.4 0-12.8 6.4-12.8 12.8v134.4c0 6.4 6.4 12.8 12.8 12.8zM496 400H48V80c0-8.84-7.16-16-16-16H16C7.16 64 0 71.16 0 80v336c0 17.67 14.33 32 32 32h464c8.84 0 16-7.16 16-16v-16c0-8.84-7.16-16-16-16zm-387.2-48h22.4c6.4 0 12.8-6.4 12.8-12.8v-70.4c0-6.4-6.4-12.8-12.8-12.8h-22.4c-6.4 0-12.8 6.4-12.8 12.8v70.4c0 6.4 6.4 12.8 12.8 12.8z\" class=\"\"><\/path><\/svg><\/i> Total de Visualiza\u00e7\u00f5es&nbsp;2,017&nbsp;total views, Visto hoje&nbsp;3&nbsp;views today<\/p>\n<div class=\"pvc_clear\"><\/div>\n<div class=\"ecxMsoNoSpacing\" style=\"background-color: white; color: #444444; font-family: verdana, sans-serif; font-size: small; font-stretch: normal; line-height: 18.45px; margin-bottom: 1.35em; text-align: justify;\">\n<span style=\"font-family: 'Times New Roman', serif; font-size: 12pt; line-height: 22.71px;\">O VIII Festival da M\u00fasica do Planalto Santareno encerrou na noite do s\u00e1bado, 15\/11, na comunidade do S\u00e3o Raimundo da Palestina, com apresenta\u00e7\u00f5es de 12 cantores da regi\u00e3o.<\/span><\/div>\n<div class=\"ecxMsoNoSpacing\" style=\"background-color: white; color: #444444; font-family: verdana, sans-serif; font-size: small; font-stretch: normal; line-height: 18.45px; margin-bottom: 1.35em; text-align: justify;\">\n<span style=\"font-family: 'Times New Roman', serif; font-size: 12pt; line-height: 22.71px;\">Com Melhor Aclama\u00e7\u00e3o Popular, o int\u00e9rprete Jos\u00e9 Odair que garantiu pela segunda a aclama\u00e7\u00e3o. O melhor int\u00e9rprete foi o cantor Ray Silva e a Melhor Letra foi a can\u00e7\u00e3o: Senhor eu te agrade\u00e7o por teu Amor, de Joice de Oliveira.<\/span><\/div>\n<div class=\"ecxMsoNoSpacing\" style=\"background-color: white; color: #444444; font-family: verdana, sans-serif; font-size: small; font-stretch: normal; line-height: 18.45px; margin-bottom: 1.35em; text-align: justify;\">\n<span style=\"font-family: 'Times New Roman', serif; font-size: 12pt; line-height: 22.71px;\">Este ano o vencedor da Festival foi Igor Felipe Lima, da comunidade Santos da Boa F\u00e9, com a m\u00fasica Teu Talento. A cantora Adria Nascimento do Tipizal, ficou em 2\u00ba lugar e Ray Silva, da comunidade Po\u00e7o das Antas, garantiu o 3\u00ba lugar.<\/span><\/div>\n<div class=\"ecxMsoNoSpacing\" style=\"background-color: white; color: #444444; font-family: verdana, sans-serif; font-size: small; font-stretch: normal; line-height: 18.45px; margin-bottom: 1.35em; text-align: justify;\">\n<span style=\"font-family: 'Times New Roman', serif; font-size: 12pt; line-height: 22.71px;\">A vice-prefeita, Maria Jos\u00e9 Maia, parabenizou a organiza\u00e7\u00e3o e o empenho dos comunit\u00e1rios. \u201cA realiza\u00e7\u00e3o do VIII Festival de M\u00fasica do Planalto Santareno \u00e9 o resultado do compromisso que assumiram e concretizaram\u201d. Esteve presente tamb\u00e9m na programa\u00e7\u00e3o, o vereador e autor do projeto que solicitou a perman\u00eancia do festival no calend\u00e1rio oficial cultural do munic\u00edpio, Marc\u00edlio Cabral.<\/span><\/div>\n<div class=\"ecxMsoNoSpacing\" style=\"background-color: white; color: #444444; font-stretch: normal; margin-bottom: 1.35em; text-align: justify;\">\n<span style=\"font-family: Times New Roman, serif;\"><span style=\"line-height: 22.7099990844727px;\">Fonte: PMS<\/span><\/span><\/div>\n<div>\n<span style=\"font-family: 'Times New Roman', serif; font-size: 12pt; line-height: 22.71px;\"><br \/><\/span><\/div>\n","protected":false},"excerpt":{"rendered":"<p>Total de Visualiza\u00e7\u00f5es&nbsp;2,017&nbsp;total views, Visto hoje&nbsp;3&nbsp;views today O VIII Festival da M\u00fasica do Planalto Santareno encerrou na noite do s\u00e1bado,<\/p>\n","protected":false},"author":1,"featured_media":0,"comment_status":"open","ping_status":"open","sticky":false,"template":"","format":"standard","meta":{"footnotes":""},"categories":[47,1],"tags":[6,5],"_links":{"self":[{"href":"https:\/\/blogdobetinho.com\/index.php?rest_route=\/wp\/v2\/posts\/219"}],"collection":[{"href":"https:\/\/blogdobetinho.com\/index.php?rest_route=\/wp\/v2\/posts"}],"about":[{"href":"https:\/\/blogdobetinho.com\/index.php?rest_route=\/wp\/v2\/types\/post"}],"author":[{"embeddable":true,"href":"https:\/\/blogdobetinho.com\/index.php?rest_route=\/wp\/v2\/users\/1"}],"replies":[{"embeddable":true,"href":"https:\/\/blogdobetinho.com\/index.php?rest_route=%2Fwp%2Fv2%2Fcomments&post=219"}],"version-history":[{"count":1,"href":"https:\/\/blogdobetinho.com\/index.php?rest_route=\/wp\/v2\/posts\/219\/revisions"}],"predecessor-version":[{"id":4639,"href":"https:\/\/blogdobetinho.com\/index.php?rest_route=\/wp\/v2\/posts\/219\/revisions\/4639"}],"wp:attachment":[{"href":"https:\/\/blogdobetinho.com\/index.php?rest_route=%2Fwp%2Fv2%2Fmedia&parent=219"}],"wp:term":[{"taxonomy":"category","embeddable":true,"href":"https:\/\/blogdobetinho.com\/index.php?rest_route=%2Fwp%2Fv2%2Fcategories&post=219"},{"taxonomy":"post_tag","embeddable":true,"href":"https:\/\/blogdobetinho.com\/index.php?rest_route=%2Fwp%2Fv2%2Ftags&post=219"}],"curies":[{"name":"wp","href":"https:\/\/api.w.org\/{rel}","templated":true}]}}